{"id":4003,"date":"2023-03-11T12:00:00","date_gmt":"2023-03-11T11:00:00","guid":{"rendered":"https:\/\/wp.feuerwehr-stadtallendorf.de\/?p=4003"},"modified":"2023-03-18T18:08:45","modified_gmt":"2023-03-18T17:08:45","slug":"besuch-bei-der-werkfeuerwehr-fritz-winter","status":"publish","type":"post","link":"https:\/\/wp.feuerwehr-stadtallendorf.de\/?p=4003","title":{"rendered":"Besuch bei der Werkfeuerwehr Fritz Winter"},"content":{"rendered":"\n<p>Die Kinder- sowie die Jugendfeuerwehr Stadtallendorf-Mitte waren am Samstag den 11.03.23 zu Gast bei der Eisengie\u00dferei Fritz Winter GmbH &amp; Co. KG. Dort stand die Besichtigung der Werkfeuerwehr an. Begr\u00fc\u00dft wurden die Jungen und M\u00e4dchen vom Leiter der Werkfeuerwehr Benjamin Schulte. Herr Schulte erkl\u00e4rte den Kindern und Jugendlichen in einfachen Worten den Aufbau und Zweck der Werkfeuerwehr. Danach ging es dann auch schon an die Fahrzeuge. Au\u00dfer den zwei L\u00f6schfahrzeugen wurde ebenfalls der werkeigene Rettungswagen vorgestellt. Besonders beeindruckt zeigten sich die Kinder und Jugendlichen von den Wasserwerfer der fest auf dem Dach eines der L\u00f6schfahrzeuge montiert ist und \u00fcber eine Fernbedienung gesteuert wird. Ruck zuck waren die zwei Stunden auch schon vorbei. B. Schulte richtete noch ein paar Abschlussworte an die Besucher und \u00fcberreichte jedem noch ein kleines Geschenk.<br>Dann war es auch schon wieder soweit den Heimweg anzutreten.<br>Wir bedanken uns noch einmal bei der Fritz Winter GmbH &amp; Co. KG, die unserem Nachwuchs diesen Besuch erm\u00f6glichte.<\/p>\n\n\n\n<p><\/p>\n\n\n\n<figure class=\"wp-block-gallery has-nested-images columns-default is-cropped wp-block-gallery-1 is-layout-flex wp-block-gallery-is-layout-flex\">\n<figure class=\"wp-block-image size-large\"><img loading=\"lazy\" decoding=\"async\" width=\"1024\" height=\"768\" data-id=\"4006\" src=\"https:\/\/wp.feuerwehr-stadtallendorf.de\/wp-content\/uploads\/2023\/03\/WhatsApp-Image-2023-03-13-at-17.41.41-2.jpeg\" alt=\"\" class=\"wp-image-4006\" srcset=\"https:\/\/wp.feuerwehr-stadtallendorf.de\/wp-content\/uploads\/2023\/03\/WhatsApp-Image-2023-03-13-at-17.41.41-2.jpeg 1024w, https:\/\/wp.feuerwehr-stadtallendorf.de\/wp-content\/uploads\/2023\/03\/WhatsApp-Image-2023-03-13-at-17.41.41-2-300x225.jpeg 300w, https:\/\/wp.feuerwehr-stadtallendorf.de\/wp-content\/uploads\/2023\/03\/WhatsApp-Image-2023-03-13-at-17.41.41-2-768x576.jpeg 768w\" sizes=\"auto, (max-width: 1024px) 100vw, 1024px\" \/><\/figure>\n\n\n\n<figure class=\"wp-block-image size-large\"><img loading=\"lazy\" decoding=\"async\" width=\"1024\" height=\"768\" data-id=\"4007\" src=\"https:\/\/wp.feuerwehr-stadtallendorf.de\/wp-content\/uploads\/2023\/03\/WhatsApp-Image-2023-03-13-at-17.41.00-1024x768.jpeg\" alt=\"\" class=\"wp-image-4007\" srcset=\"https:\/\/wp.feuerwehr-stadtallendorf.de\/wp-content\/uploads\/2023\/03\/WhatsApp-Image-2023-03-13-at-17.41.00-1024x768.jpeg 1024w, https:\/\/wp.feuerwehr-stadtallendorf.de\/wp-content\/uploads\/2023\/03\/WhatsApp-Image-2023-03-13-at-17.41.00-300x225.jpeg 300w, https:\/\/wp.feuerwehr-stadtallendorf.de\/wp-content\/uploads\/2023\/03\/WhatsApp-Image-2023-03-13-at-17.41.00-768x576.jpeg 768w, https:\/\/wp.feuerwehr-stadtallendorf.de\/wp-content\/uploads\/2023\/03\/WhatsApp-Image-2023-03-13-at-17.41.00-1536x1152.jpeg 1536w, https:\/\/wp.feuerwehr-stadtallendorf.de\/wp-content\/uploads\/2023\/03\/WhatsApp-Image-2023-03-13-at-17.41.00.jpeg 2048w\" sizes=\"auto, (max-width: 1024px) 100vw, 1024px\" \/><\/figure>\n\n\n\n<figure class=\"wp-block-image size-large\"><img loading=\"lazy\" decoding=\"async\" width=\"1024\" height=\"768\" data-id=\"4008\" src=\"https:\/\/wp.feuerwehr-stadtallendorf.de\/wp-content\/uploads\/2023\/03\/WhatsApp-Image-2023-03-13-at-17.40.59-1024x768.jpeg\" alt=\"\" class=\"wp-image-4008\" srcset=\"https:\/\/wp.feuerwehr-stadtallendorf.de\/wp-content\/uploads\/2023\/03\/WhatsApp-Image-2023-03-13-at-17.40.59-1024x768.jpeg 1024w, https:\/\/wp.feuerwehr-stadtallendorf.de\/wp-content\/uploads\/2023\/03\/WhatsApp-Image-2023-03-13-at-17.40.59-300x225.jpeg 300w, https:\/\/wp.feuerwehr-stadtallendorf.de\/wp-content\/uploads\/2023\/03\/WhatsApp-Image-2023-03-13-at-17.40.59-768x576.jpeg 768w, https:\/\/wp.feuerwehr-stadtallendorf.de\/wp-content\/uploads\/2023\/03\/WhatsApp-Image-2023-03-13-at-17.40.59-1536x1152.jpeg 1536w, https:\/\/wp.feuerwehr-stadtallendorf.de\/wp-content\/uploads\/2023\/03\/WhatsApp-Image-2023-03-13-at-17.40.59.jpeg 2048w\" sizes=\"auto, (max-width: 1024px) 100vw, 1024px\" \/><\/figure>\n<\/figure>\n","protected":false},"excerpt":{"rendered":"<p>Die Kinder- sowie die Jugendfeuerwehr Stadtallendorf-Mitte waren am Samstag den 11.03.23 zu Gast bei der Eisengie\u00dferei Fritz Winter GmbH &amp; Co. KG. Dort stand die Besichtigung der Werkfeuerwehr an. Begr\u00fc\u00dft wurden die Jungen und M\u00e4dchen vom Leiter der Werkfeuerwehr Benjamin Schulte. Herr Schulte erkl\u00e4rte den Kindern und Jugendlichen in einfachen Worten den Aufbau und Zweck [&hellip;]<\/p>\n","protected":false},"author":3,"featured_media":4007,"comment_status":"open","ping_status":"open","sticky":false,"template":"","format":"standard","meta":{"footnotes":""},"categories":[48,49],"tags":[],"class_list":["post-4003","post","type-post","status-publish","format-standard","has-post-thumbnail","hentry","category-jugendfeuewehr","category-kinderfeuerwehr","entry","has-media"],"yoast_head":"<!-- This site is optimized with the Yoast SEO plugin v27.4 - https:\/\/yoast.com\/product\/yoast-seo-wordpress\/ -->\n<title>Besuch bei der Werkfeuerwehr Fritz Winter - Feuerwehr Stadallendorf<\/title>\n<meta name=\"robots\" content=\"index, follow, max-snippet:-1, max-image-preview:large, max-video-preview:-1\" \/>\n<link rel=\"canonical\" href=\"https:\/\/wp.feuerwehr-stadtallendorf.de\/?p=4003\" \/>\n<meta property=\"og:locale\" content=\"de_DE\" \/>\n<meta property=\"og:type\" content=\"article\" \/>\n<meta property=\"og:title\" content=\"Besuch bei der Werkfeuerwehr Fritz Winter - Feuerwehr Stadallendorf\" \/>\n<meta property=\"og:description\" content=\"Die Kinder- sowie die Jugendfeuerwehr Stadtallendorf-Mitte waren am Samstag den 11.03.23 zu Gast bei der Eisengie\u00dferei Fritz Winter GmbH &amp; Co. KG. Dort stand die Besichtigung der Werkfeuerwehr an. Begr\u00fc\u00dft wurden die Jungen und M\u00e4dchen vom Leiter der Werkfeuerwehr Benjamin Schulte. Herr Schulte erkl\u00e4rte den Kindern und Jugendlichen in einfachen Worten den Aufbau und Zweck [&hellip;]\" \/>\n<meta property=\"og:url\" content=\"https:\/\/wp.feuerwehr-stadtallendorf.de\/?p=4003\" \/>\n<meta property=\"og:site_name\" content=\"Feuerwehr Stadallendorf\" \/>\n<meta property=\"article:published_time\" content=\"2023-03-11T11:00:00+00:00\" \/>\n<meta property=\"article:modified_time\" content=\"2023-03-18T17:08:45+00:00\" \/>\n<meta property=\"og:image\" content=\"https:\/\/wp.feuerwehr-stadtallendorf.de\/wp-content\/uploads\/2023\/03\/WhatsApp-Image-2023-03-13-at-17.41.00.jpeg\" \/>\n\t<meta property=\"og:image:width\" content=\"2048\" \/>\n\t<meta property=\"og:image:height\" content=\"1536\" \/>\n\t<meta property=\"og:image:type\" content=\"image\/jpeg\" \/>\n<meta name=\"author\" content=\"Feuerwehr Stadtallendorf\" \/>\n<meta name=\"twitter:card\" content=\"summary_large_image\" \/>\n<meta name=\"twitter:label1\" content=\"Verfasst von\" \/>\n\t<meta name=\"twitter:data1\" content=\"Feuerwehr Stadtallendorf\" \/>\n\t<meta name=\"twitter:label2\" content=\"Gesch\u00e4tzte Lesezeit\" \/>\n\t<meta name=\"twitter:data2\" content=\"2\u00a0Minuten\" \/>\n<script type=\"application\/ld+json\" class=\"yoast-schema-graph\">{\"@context\":\"https:\\\/\\\/schema.org\",\"@graph\":[{\"@type\":\"Article\",\"@id\":\"https:\\\/\\\/wp.feuerwehr-stadtallendorf.de\\\/?p=4003#article\",\"isPartOf\":{\"@id\":\"https:\\\/\\\/wp.feuerwehr-stadtallendorf.de\\\/?p=4003\"},\"author\":{\"name\":\"Feuerwehr Stadtallendorf\",\"@id\":\"https:\\\/\\\/wp.feuerwehr-stadtallendorf.de\\\/#\\\/schema\\\/person\\\/a2afe44d9c81e20ccef2574b0650383d\"},\"headline\":\"Besuch bei der Werkfeuerwehr Fritz Winter\",\"datePublished\":\"2023-03-11T11:00:00+00:00\",\"dateModified\":\"2023-03-18T17:08:45+00:00\",\"mainEntityOfPage\":{\"@id\":\"https:\\\/\\\/wp.feuerwehr-stadtallendorf.de\\\/?p=4003\"},\"wordCount\":171,\"commentCount\":0,\"publisher\":{\"@id\":\"https:\\\/\\\/wp.feuerwehr-stadtallendorf.de\\\/#organization\"},\"image\":{\"@id\":\"https:\\\/\\\/wp.feuerwehr-stadtallendorf.de\\\/?p=4003#primaryimage\"},\"thumbnailUrl\":\"https:\\\/\\\/wp.feuerwehr-stadtallendorf.de\\\/wp-content\\\/uploads\\\/2023\\\/03\\\/WhatsApp-Image-2023-03-13-at-17.41.00.jpeg\",\"articleSection\":[\"Jugendfeuerwehr\",\"Kinderfeuerwehr\"],\"inLanguage\":\"de\",\"potentialAction\":[{\"@type\":\"CommentAction\",\"name\":\"Comment\",\"target\":[\"https:\\\/\\\/wp.feuerwehr-stadtallendorf.de\\\/?p=4003#respond\"]}]},{\"@type\":\"WebPage\",\"@id\":\"https:\\\/\\\/wp.feuerwehr-stadtallendorf.de\\\/?p=4003\",\"url\":\"https:\\\/\\\/wp.feuerwehr-stadtallendorf.de\\\/?p=4003\",\"name\":\"Besuch bei der Werkfeuerwehr Fritz Winter - Feuerwehr Stadallendorf\",\"isPartOf\":{\"@id\":\"https:\\\/\\\/wp.feuerwehr-stadtallendorf.de\\\/#website\"},\"primaryImageOfPage\":{\"@id\":\"https:\\\/\\\/wp.feuerwehr-stadtallendorf.de\\\/?p=4003#primaryimage\"},\"image\":{\"@id\":\"https:\\\/\\\/wp.feuerwehr-stadtallendorf.de\\\/?p=4003#primaryimage\"},\"thumbnailUrl\":\"https:\\\/\\\/wp.feuerwehr-stadtallendorf.de\\\/wp-content\\\/uploads\\\/2023\\\/03\\\/WhatsApp-Image-2023-03-13-at-17.41.00.jpeg\",\"datePublished\":\"2023-03-11T11:00:00+00:00\",\"dateModified\":\"2023-03-18T17:08:45+00:00\",\"breadcrumb\":{\"@id\":\"https:\\\/\\\/wp.feuerwehr-stadtallendorf.de\\\/?p=4003#breadcrumb\"},\"inLanguage\":\"de\",\"potentialAction\":[{\"@type\":\"ReadAction\",\"target\":[\"https:\\\/\\\/wp.feuerwehr-stadtallendorf.de\\\/?p=4003\"]}]},{\"@type\":\"ImageObject\",\"inLanguage\":\"de\",\"@id\":\"https:\\\/\\\/wp.feuerwehr-stadtallendorf.de\\\/?p=4003#primaryimage\",\"url\":\"https:\\\/\\\/wp.feuerwehr-stadtallendorf.de\\\/wp-content\\\/uploads\\\/2023\\\/03\\\/WhatsApp-Image-2023-03-13-at-17.41.00.jpeg\",\"contentUrl\":\"https:\\\/\\\/wp.feuerwehr-stadtallendorf.de\\\/wp-content\\\/uploads\\\/2023\\\/03\\\/WhatsApp-Image-2023-03-13-at-17.41.00.jpeg\",\"width\":2048,\"height\":1536},{\"@type\":\"BreadcrumbList\",\"@id\":\"https:\\\/\\\/wp.feuerwehr-stadtallendorf.de\\\/?p=4003#breadcrumb\",\"itemListElement\":[{\"@type\":\"ListItem\",\"position\":1,\"name\":\"Startseite\",\"item\":\"https:\\\/\\\/wp.feuerwehr-stadtallendorf.de\\\/\"},{\"@type\":\"ListItem\",\"position\":2,\"name\":\"Besuch bei der Werkfeuerwehr Fritz Winter\"}]},{\"@type\":\"WebSite\",\"@id\":\"https:\\\/\\\/wp.feuerwehr-stadtallendorf.de\\\/#website\",\"url\":\"https:\\\/\\\/wp.feuerwehr-stadtallendorf.de\\\/\",\"name\":\"Feuerwehr Stadallendorf\",\"description\":\"Offizielle Webseite der Feuerwehr Stadtallendorf\",\"publisher\":{\"@id\":\"https:\\\/\\\/wp.feuerwehr-stadtallendorf.de\\\/#organization\"},\"potentialAction\":[{\"@type\":\"SearchAction\",\"target\":{\"@type\":\"EntryPoint\",\"urlTemplate\":\"https:\\\/\\\/wp.feuerwehr-stadtallendorf.de\\\/?s={search_term_string}\"},\"query-input\":{\"@type\":\"PropertyValueSpecification\",\"valueRequired\":true,\"valueName\":\"search_term_string\"}}],\"inLanguage\":\"de\"},{\"@type\":\"Organization\",\"@id\":\"https:\\\/\\\/wp.feuerwehr-stadtallendorf.de\\\/#organization\",\"name\":\"Feuerwehr Stadtallendorf\",\"url\":\"https:\\\/\\\/wp.feuerwehr-stadtallendorf.de\\\/\",\"logo\":{\"@type\":\"ImageObject\",\"inLanguage\":\"de\",\"@id\":\"https:\\\/\\\/wp.feuerwehr-stadtallendorf.de\\\/#\\\/schema\\\/logo\\\/image\\\/\",\"url\":\"https:\\\/\\\/wp.feuerwehr-stadtallendorf.de\\\/wp-content\\\/uploads\\\/2022\\\/11\\\/cropped-E49D0952-87B7-44F6-8B7D-97B5D408F444.jpeg\",\"contentUrl\":\"https:\\\/\\\/wp.feuerwehr-stadtallendorf.de\\\/wp-content\\\/uploads\\\/2022\\\/11\\\/cropped-E49D0952-87B7-44F6-8B7D-97B5D408F444.jpeg\",\"width\":512,\"height\":512,\"caption\":\"Feuerwehr Stadtallendorf\"},\"image\":{\"@id\":\"https:\\\/\\\/wp.feuerwehr-stadtallendorf.de\\\/#\\\/schema\\\/logo\\\/image\\\/\"}},{\"@type\":\"Person\",\"@id\":\"https:\\\/\\\/wp.feuerwehr-stadtallendorf.de\\\/#\\\/schema\\\/person\\\/a2afe44d9c81e20ccef2574b0650383d\",\"name\":\"Feuerwehr Stadtallendorf\",\"sameAs\":[\"http:\\\/\\\/feuerwehr-stadtallendorf.de\"],\"url\":\"https:\\\/\\\/wp.feuerwehr-stadtallendorf.de\\\/?author=3\"}]}<\/script>\n<!-- \/ Yoast SEO plugin. -->","yoast_head_json":{"title":"Besuch bei der Werkfeuerwehr Fritz Winter - Feuerwehr Stadallendorf","robots":{"index":"index","follow":"follow","max-snippet":"max-snippet:-1","max-image-preview":"max-image-preview:large","max-video-preview":"max-video-preview:-1"},"canonical":"https:\/\/wp.feuerwehr-stadtallendorf.de\/?p=4003","og_locale":"de_DE","og_type":"article","og_title":"Besuch bei der Werkfeuerwehr Fritz Winter - Feuerwehr Stadallendorf","og_description":"Die Kinder- sowie die Jugendfeuerwehr Stadtallendorf-Mitte waren am Samstag den 11.03.23 zu Gast bei der Eisengie\u00dferei Fritz Winter GmbH &amp; Co. KG. Dort stand die Besichtigung der Werkfeuerwehr an. Begr\u00fc\u00dft wurden die Jungen und M\u00e4dchen vom Leiter der Werkfeuerwehr Benjamin Schulte. Herr Schulte erkl\u00e4rte den Kindern und Jugendlichen in einfachen Worten den Aufbau und Zweck [&hellip;]","og_url":"https:\/\/wp.feuerwehr-stadtallendorf.de\/?p=4003","og_site_name":"Feuerwehr Stadallendorf","article_published_time":"2023-03-11T11:00:00+00:00","article_modified_time":"2023-03-18T17:08:45+00:00","og_image":[{"width":2048,"height":1536,"url":"https:\/\/wp.feuerwehr-stadtallendorf.de\/wp-content\/uploads\/2023\/03\/WhatsApp-Image-2023-03-13-at-17.41.00.jpeg","type":"image\/jpeg"}],"author":"Feuerwehr Stadtallendorf","twitter_card":"summary_large_image","twitter_misc":{"Verfasst von":"Feuerwehr Stadtallendorf","Gesch\u00e4tzte Lesezeit":"2\u00a0Minuten"},"schema":{"@context":"https:\/\/schema.org","@graph":[{"@type":"Article","@id":"https:\/\/wp.feuerwehr-stadtallendorf.de\/?p=4003#article","isPartOf":{"@id":"https:\/\/wp.feuerwehr-stadtallendorf.de\/?p=4003"},"author":{"name":"Feuerwehr Stadtallendorf","@id":"https:\/\/wp.feuerwehr-stadtallendorf.de\/#\/schema\/person\/a2afe44d9c81e20ccef2574b0650383d"},"headline":"Besuch bei der Werkfeuerwehr Fritz Winter","datePublished":"2023-03-11T11:00:00+00:00","dateModified":"2023-03-18T17:08:45+00:00","mainEntityOfPage":{"@id":"https:\/\/wp.feuerwehr-stadtallendorf.de\/?p=4003"},"wordCount":171,"commentCount":0,"publisher":{"@id":"https:\/\/wp.feuerwehr-stadtallendorf.de\/#organization"},"image":{"@id":"https:\/\/wp.feuerwehr-stadtallendorf.de\/?p=4003#primaryimage"},"thumbnailUrl":"https:\/\/wp.feuerwehr-stadtallendorf.de\/wp-content\/uploads\/2023\/03\/WhatsApp-Image-2023-03-13-at-17.41.00.jpeg","articleSection":["Jugendfeuerwehr","Kinderfeuerwehr"],"inLanguage":"de","potentialAction":[{"@type":"CommentAction","name":"Comment","target":["https:\/\/wp.feuerwehr-stadtallendorf.de\/?p=4003#respond"]}]},{"@type":"WebPage","@id":"https:\/\/wp.feuerwehr-stadtallendorf.de\/?p=4003","url":"https:\/\/wp.feuerwehr-stadtallendorf.de\/?p=4003","name":"Besuch bei der Werkfeuerwehr Fritz Winter - Feuerwehr Stadallendorf","isPartOf":{"@id":"https:\/\/wp.feuerwehr-stadtallendorf.de\/#website"},"primaryImageOfPage":{"@id":"https:\/\/wp.feuerwehr-stadtallendorf.de\/?p=4003#primaryimage"},"image":{"@id":"https:\/\/wp.feuerwehr-stadtallendorf.de\/?p=4003#primaryimage"},"thumbnailUrl":"https:\/\/wp.feuerwehr-stadtallendorf.de\/wp-content\/uploads\/2023\/03\/WhatsApp-Image-2023-03-13-at-17.41.00.jpeg","datePublished":"2023-03-11T11:00:00+00:00","dateModified":"2023-03-18T17:08:45+00:00","breadcrumb":{"@id":"https:\/\/wp.feuerwehr-stadtallendorf.de\/?p=4003#breadcrumb"},"inLanguage":"de","potentialAction":[{"@type":"ReadAction","target":["https:\/\/wp.feuerwehr-stadtallendorf.de\/?p=4003"]}]},{"@type":"ImageObject","inLanguage":"de","@id":"https:\/\/wp.feuerwehr-stadtallendorf.de\/?p=4003#primaryimage","url":"https:\/\/wp.feuerwehr-stadtallendorf.de\/wp-content\/uploads\/2023\/03\/WhatsApp-Image-2023-03-13-at-17.41.00.jpeg","contentUrl":"https:\/\/wp.feuerwehr-stadtallendorf.de\/wp-content\/uploads\/2023\/03\/WhatsApp-Image-2023-03-13-at-17.41.00.jpeg","width":2048,"height":1536},{"@type":"BreadcrumbList","@id":"https:\/\/wp.feuerwehr-stadtallendorf.de\/?p=4003#breadcrumb","itemListElement":[{"@type":"ListItem","position":1,"name":"Startseite","item":"https:\/\/wp.feuerwehr-stadtallendorf.de\/"},{"@type":"ListItem","position":2,"name":"Besuch bei der Werkfeuerwehr Fritz Winter"}]},{"@type":"WebSite","@id":"https:\/\/wp.feuerwehr-stadtallendorf.de\/#website","url":"https:\/\/wp.feuerwehr-stadtallendorf.de\/","name":"Feuerwehr Stadallendorf","description":"Offizielle Webseite der Feuerwehr Stadtallendorf","publisher":{"@id":"https:\/\/wp.feuerwehr-stadtallendorf.de\/#organization"},"potentialAction":[{"@type":"SearchAction","target":{"@type":"EntryPoint","urlTemplate":"https:\/\/wp.feuerwehr-stadtallendorf.de\/?s={search_term_string}"},"query-input":{"@type":"PropertyValueSpecification","valueRequired":true,"valueName":"search_term_string"}}],"inLanguage":"de"},{"@type":"Organization","@id":"https:\/\/wp.feuerwehr-stadtallendorf.de\/#organization","name":"Feuerwehr Stadtallendorf","url":"https:\/\/wp.feuerwehr-stadtallendorf.de\/","logo":{"@type":"ImageObject","inLanguage":"de","@id":"https:\/\/wp.feuerwehr-stadtallendorf.de\/#\/schema\/logo\/image\/","url":"https:\/\/wp.feuerwehr-stadtallendorf.de\/wp-content\/uploads\/2022\/11\/cropped-E49D0952-87B7-44F6-8B7D-97B5D408F444.jpeg","contentUrl":"https:\/\/wp.feuerwehr-stadtallendorf.de\/wp-content\/uploads\/2022\/11\/cropped-E49D0952-87B7-44F6-8B7D-97B5D408F444.jpeg","width":512,"height":512,"caption":"Feuerwehr Stadtallendorf"},"image":{"@id":"https:\/\/wp.feuerwehr-stadtallendorf.de\/#\/schema\/logo\/image\/"}},{"@type":"Person","@id":"https:\/\/wp.feuerwehr-stadtallendorf.de\/#\/schema\/person\/a2afe44d9c81e20ccef2574b0650383d","name":"Feuerwehr Stadtallendorf","sameAs":["http:\/\/feuerwehr-stadtallendorf.de"],"url":"https:\/\/wp.feuerwehr-stadtallendorf.de\/?author=3"}]}},"_links":{"self":[{"href":"https:\/\/wp.feuerwehr-stadtallendorf.de\/index.php?rest_route=\/wp\/v2\/posts\/4003","targetHints":{"allow":["GET"]}}],"collection":[{"href":"https:\/\/wp.feuerwehr-stadtallendorf.de\/index.php?rest_route=\/wp\/v2\/posts"}],"about":[{"href":"https:\/\/wp.feuerwehr-stadtallendorf.de\/index.php?rest_route=\/wp\/v2\/types\/post"}],"author":[{"embeddable":true,"href":"https:\/\/wp.feuerwehr-stadtallendorf.de\/index.php?rest_route=\/wp\/v2\/users\/3"}],"replies":[{"embeddable":true,"href":"https:\/\/wp.feuerwehr-stadtallendorf.de\/index.php?rest_route=%2Fwp%2Fv2%2Fcomments&post=4003"}],"version-history":[{"count":1,"href":"https:\/\/wp.feuerwehr-stadtallendorf.de\/index.php?rest_route=\/wp\/v2\/posts\/4003\/revisions"}],"predecessor-version":[{"id":4009,"href":"https:\/\/wp.feuerwehr-stadtallendorf.de\/index.php?rest_route=\/wp\/v2\/posts\/4003\/revisions\/4009"}],"wp:featuredmedia":[{"embeddable":true,"href":"https:\/\/wp.feuerwehr-stadtallendorf.de\/index.php?rest_route=\/wp\/v2\/media\/4007"}],"wp:attachment":[{"href":"https:\/\/wp.feuerwehr-stadtallendorf.de\/index.php?rest_route=%2Fwp%2Fv2%2Fmedia&parent=4003"}],"wp:term":[{"taxonomy":"category","embeddable":true,"href":"https:\/\/wp.feuerwehr-stadtallendorf.de\/index.php?rest_route=%2Fwp%2Fv2%2Fcategories&post=4003"},{"taxonomy":"post_tag","embeddable":true,"href":"https:\/\/wp.feuerwehr-stadtallendorf.de\/index.php?rest_route=%2Fwp%2Fv2%2Ftags&post=4003"}],"curies":[{"name":"wp","href":"https:\/\/api.w.org\/{rel}","templated":true}]}}