{"id":4116,"date":"2023-03-05T12:00:41","date_gmt":"2023-03-05T11:00:41","guid":{"rendered":"https:\/\/wp.feuerwehr-stadtallendorf.de\/?p=4116"},"modified":"2023-03-22T08:17:24","modified_gmt":"2023-03-22T07:17:24","slug":"ausbildung-zusammen-mit-dem-drk-rettungsdienst-mittelhessen","status":"publish","type":"post","link":"https:\/\/wp.feuerwehr-stadtallendorf.de\/?p=4116","title":{"rendered":"Ausbildung zusammen mit dem DRK Rettungsdienst-Mittelhessen"},"content":{"rendered":"\n<p>Am 05.03.2023 fand eine Unterrichtseinheit zwischen der Feuerwehr Stadtallendorf-Mitte und dem DRK Rettungsdienst-Mittelhessen statt.<\/p>\n\n\n\n<p>Gemeinsam \u00fcbte man das Zusammenspiel zwischen Rettungsdienst und Feuerwehr bei Unf\u00e4llen. Im Anschluss&nbsp; wurde die Thematik &#8218;Unterst\u00fctzung der Feuerwehr bei medizinischen Notf\u00e4llen&#8216; besprochen.<\/p>\n\n\n\n<p>Von Seiten des DRK waren die ehemalige Kameradin Anna-Lena M\u00e4urer und der noch aktive Kamerad Marcel Radimerski mit einem Rettungswagen vor Ort. Beide haben ihre feuerwehrtechnische Ausbildung von der Jugendfeuerwehr an bis zur Einsatzabteilung in Stadtallendorf genossen und sind hauptberuflich im Rettungsdienst t\u00e4tig. Sie erkl\u00e4rten die Beladung und Ausr\u00fcstung des Rettungswagen und zeigten wie die Feuerwehr bei der Rettung von Patienten helfen kann.<\/p>\n\n\n\n<figure class=\"wp-block-gallery alignleft has-nested-images columns-default is-cropped wp-block-gallery-1 is-layout-flex wp-block-gallery-is-layout-flex\">\n<figure class=\"wp-block-image size-large\"><img loading=\"lazy\" decoding=\"async\" width=\"576\" height=\"1024\" data-id=\"4118\" src=\"https:\/\/wp.feuerwehr-stadtallendorf.de\/wp-content\/uploads\/2023\/03\/IMG-20230305-WA0005-576x1024.jpg\" alt=\"\" class=\"wp-image-4118\" srcset=\"https:\/\/wp.feuerwehr-stadtallendorf.de\/wp-content\/uploads\/2023\/03\/IMG-20230305-WA0005-576x1024.jpg 576w, https:\/\/wp.feuerwehr-stadtallendorf.de\/wp-content\/uploads\/2023\/03\/IMG-20230305-WA0005-169x300.jpg 169w, https:\/\/wp.feuerwehr-stadtallendorf.de\/wp-content\/uploads\/2023\/03\/IMG-20230305-WA0005-768x1365.jpg 768w, https:\/\/wp.feuerwehr-stadtallendorf.de\/wp-content\/uploads\/2023\/03\/IMG-20230305-WA0005-864x1536.jpg 864w, https:\/\/wp.feuerwehr-stadtallendorf.de\/wp-content\/uploads\/2023\/03\/IMG-20230305-WA0005.jpg 900w\" sizes=\"auto, (max-width: 576px) 100vw, 576px\" \/><\/figure>\n\n\n\n<figure class=\"wp-block-image size-large\"><img loading=\"lazy\" decoding=\"async\" width=\"521\" height=\"1024\" data-id=\"4117\" src=\"https:\/\/wp.feuerwehr-stadtallendorf.de\/wp-content\/uploads\/2023\/03\/IMG-20230305-WA0019-521x1024.jpg\" alt=\"\" class=\"wp-image-4117\" srcset=\"https:\/\/wp.feuerwehr-stadtallendorf.de\/wp-content\/uploads\/2023\/03\/IMG-20230305-WA0019-521x1024.jpg 521w, https:\/\/wp.feuerwehr-stadtallendorf.de\/wp-content\/uploads\/2023\/03\/IMG-20230305-WA0019-153x300.jpg 153w, https:\/\/wp.feuerwehr-stadtallendorf.de\/wp-content\/uploads\/2023\/03\/IMG-20230305-WA0019-768x1510.jpg 768w, https:\/\/wp.feuerwehr-stadtallendorf.de\/wp-content\/uploads\/2023\/03\/IMG-20230305-WA0019-781x1536.jpg 781w, https:\/\/wp.feuerwehr-stadtallendorf.de\/wp-content\/uploads\/2023\/03\/IMG-20230305-WA0019.jpg 813w\" sizes=\"auto, (max-width: 521px) 100vw, 521px\" \/><\/figure>\n<\/figure>\n","protected":false},"excerpt":{"rendered":"<p>Am 05.03.2023 fand eine Unterrichtseinheit zwischen der Feuerwehr Stadtallendorf-Mitte und dem DRK Rettungsdienst-Mittelhessen statt. Gemeinsam \u00fcbte man das Zusammenspiel zwischen Rettungsdienst und Feuerwehr bei Unf\u00e4llen. Im Anschluss&nbsp; wurde die Thematik &#8218;Unterst\u00fctzung der Feuerwehr bei medizinischen Notf\u00e4llen&#8216; besprochen. Von Seiten des DRK waren die ehemalige Kameradin Anna-Lena M\u00e4urer und der noch aktive Kamerad Marcel Radimerski mit [&hellip;]<\/p>\n","protected":false},"author":3,"featured_media":4123,"comment_status":"open","ping_status":"open","sticky":false,"template":"","format":"standard","meta":{"footnotes":""},"categories":[1],"tags":[],"class_list":["post-4116","post","type-post","status-publish","format-standard","has-post-thumbnail","hentry","category-neuigkeiten","entry","has-media"],"yoast_head":"<!-- This site is optimized with the Yoast SEO plugin v27.4 - https:\/\/yoast.com\/product\/yoast-seo-wordpress\/ -->\n<title>Ausbildung zusammen mit dem DRK Rettungsdienst-Mittelhessen - Feuerwehr Stadallendorf<\/title>\n<meta name=\"robots\" content=\"index, follow, max-snippet:-1, max-image-preview:large, max-video-preview:-1\" \/>\n<link rel=\"canonical\" href=\"https:\/\/wp.feuerwehr-stadtallendorf.de\/?p=4116\" \/>\n<meta property=\"og:locale\" content=\"de_DE\" \/>\n<meta property=\"og:type\" content=\"article\" \/>\n<meta property=\"og:title\" content=\"Ausbildung zusammen mit dem DRK Rettungsdienst-Mittelhessen - Feuerwehr Stadallendorf\" \/>\n<meta property=\"og:description\" content=\"Am 05.03.2023 fand eine Unterrichtseinheit zwischen der Feuerwehr Stadtallendorf-Mitte und dem DRK Rettungsdienst-Mittelhessen statt. Gemeinsam \u00fcbte man das Zusammenspiel zwischen Rettungsdienst und Feuerwehr bei Unf\u00e4llen. Im Anschluss&nbsp; wurde die Thematik &#8218;Unterst\u00fctzung der Feuerwehr bei medizinischen Notf\u00e4llen&#8216; besprochen. Von Seiten des DRK waren die ehemalige Kameradin Anna-Lena M\u00e4urer und der noch aktive Kamerad Marcel Radimerski mit [&hellip;]\" \/>\n<meta property=\"og:url\" content=\"https:\/\/wp.feuerwehr-stadtallendorf.de\/?p=4116\" \/>\n<meta property=\"og:site_name\" content=\"Feuerwehr Stadallendorf\" \/>\n<meta property=\"article:published_time\" content=\"2023-03-05T11:00:41+00:00\" \/>\n<meta property=\"article:modified_time\" content=\"2023-03-22T07:17:24+00:00\" \/>\n<meta property=\"og:image\" content=\"https:\/\/wp.feuerwehr-stadtallendorf.de\/wp-content\/uploads\/2023\/03\/drk-jacke-hinten.jpg\" \/>\n\t<meta property=\"og:image:width\" content=\"900\" \/>\n\t<meta property=\"og:image:height\" content=\"864\" \/>\n\t<meta property=\"og:image:type\" content=\"image\/jpeg\" \/>\n<meta name=\"author\" content=\"Feuerwehr Stadtallendorf\" \/>\n<meta name=\"twitter:card\" content=\"summary_large_image\" \/>\n<meta name=\"twitter:label1\" content=\"Verfasst von\" \/>\n\t<meta name=\"twitter:data1\" content=\"Feuerwehr Stadtallendorf\" \/>\n\t<meta name=\"twitter:label2\" content=\"Gesch\u00e4tzte Lesezeit\" \/>\n\t<meta name=\"twitter:data2\" content=\"1\u00a0Minute\" \/>\n<script type=\"application\/ld+json\" class=\"yoast-schema-graph\">{\"@context\":\"https:\\\/\\\/schema.org\",\"@graph\":[{\"@type\":\"Article\",\"@id\":\"https:\\\/\\\/wp.feuerwehr-stadtallendorf.de\\\/?p=4116#article\",\"isPartOf\":{\"@id\":\"https:\\\/\\\/wp.feuerwehr-stadtallendorf.de\\\/?p=4116\"},\"author\":{\"name\":\"Feuerwehr Stadtallendorf\",\"@id\":\"https:\\\/\\\/wp.feuerwehr-stadtallendorf.de\\\/#\\\/schema\\\/person\\\/a2afe44d9c81e20ccef2574b0650383d\"},\"headline\":\"Ausbildung zusammen mit dem DRK Rettungsdienst-Mittelhessen\",\"datePublished\":\"2023-03-05T11:00:41+00:00\",\"dateModified\":\"2023-03-22T07:17:24+00:00\",\"mainEntityOfPage\":{\"@id\":\"https:\\\/\\\/wp.feuerwehr-stadtallendorf.de\\\/?p=4116\"},\"wordCount\":113,\"commentCount\":0,\"publisher\":{\"@id\":\"https:\\\/\\\/wp.feuerwehr-stadtallendorf.de\\\/#organization\"},\"image\":{\"@id\":\"https:\\\/\\\/wp.feuerwehr-stadtallendorf.de\\\/?p=4116#primaryimage\"},\"thumbnailUrl\":\"https:\\\/\\\/wp.feuerwehr-stadtallendorf.de\\\/wp-content\\\/uploads\\\/2023\\\/03\\\/drk-jacke-hinten.jpg\",\"articleSection\":[\"Neuigkeiten\"],\"inLanguage\":\"de\",\"potentialAction\":[{\"@type\":\"CommentAction\",\"name\":\"Comment\",\"target\":[\"https:\\\/\\\/wp.feuerwehr-stadtallendorf.de\\\/?p=4116#respond\"]}]},{\"@type\":\"WebPage\",\"@id\":\"https:\\\/\\\/wp.feuerwehr-stadtallendorf.de\\\/?p=4116\",\"url\":\"https:\\\/\\\/wp.feuerwehr-stadtallendorf.de\\\/?p=4116\",\"name\":\"Ausbildung zusammen mit dem DRK Rettungsdienst-Mittelhessen - Feuerwehr Stadallendorf\",\"isPartOf\":{\"@id\":\"https:\\\/\\\/wp.feuerwehr-stadtallendorf.de\\\/#website\"},\"primaryImageOfPage\":{\"@id\":\"https:\\\/\\\/wp.feuerwehr-stadtallendorf.de\\\/?p=4116#primaryimage\"},\"image\":{\"@id\":\"https:\\\/\\\/wp.feuerwehr-stadtallendorf.de\\\/?p=4116#primaryimage\"},\"thumbnailUrl\":\"https:\\\/\\\/wp.feuerwehr-stadtallendorf.de\\\/wp-content\\\/uploads\\\/2023\\\/03\\\/drk-jacke-hinten.jpg\",\"datePublished\":\"2023-03-05T11:00:41+00:00\",\"dateModified\":\"2023-03-22T07:17:24+00:00\",\"breadcrumb\":{\"@id\":\"https:\\\/\\\/wp.feuerwehr-stadtallendorf.de\\\/?p=4116#breadcrumb\"},\"inLanguage\":\"de\",\"potentialAction\":[{\"@type\":\"ReadAction\",\"target\":[\"https:\\\/\\\/wp.feuerwehr-stadtallendorf.de\\\/?p=4116\"]}]},{\"@type\":\"ImageObject\",\"inLanguage\":\"de\",\"@id\":\"https:\\\/\\\/wp.feuerwehr-stadtallendorf.de\\\/?p=4116#primaryimage\",\"url\":\"https:\\\/\\\/wp.feuerwehr-stadtallendorf.de\\\/wp-content\\\/uploads\\\/2023\\\/03\\\/drk-jacke-hinten.jpg\",\"contentUrl\":\"https:\\\/\\\/wp.feuerwehr-stadtallendorf.de\\\/wp-content\\\/uploads\\\/2023\\\/03\\\/drk-jacke-hinten.jpg\",\"width\":900,\"height\":864},{\"@type\":\"BreadcrumbList\",\"@id\":\"https:\\\/\\\/wp.feuerwehr-stadtallendorf.de\\\/?p=4116#breadcrumb\",\"itemListElement\":[{\"@type\":\"ListItem\",\"position\":1,\"name\":\"Startseite\",\"item\":\"https:\\\/\\\/wp.feuerwehr-stadtallendorf.de\\\/\"},{\"@type\":\"ListItem\",\"position\":2,\"name\":\"Ausbildung zusammen mit dem DRK Rettungsdienst-Mittelhessen\"}]},{\"@type\":\"WebSite\",\"@id\":\"https:\\\/\\\/wp.feuerwehr-stadtallendorf.de\\\/#website\",\"url\":\"https:\\\/\\\/wp.feuerwehr-stadtallendorf.de\\\/\",\"name\":\"Feuerwehr Stadallendorf\",\"description\":\"Offizielle Webseite der Feuerwehr Stadtallendorf\",\"publisher\":{\"@id\":\"https:\\\/\\\/wp.feuerwehr-stadtallendorf.de\\\/#organization\"},\"potentialAction\":[{\"@type\":\"SearchAction\",\"target\":{\"@type\":\"EntryPoint\",\"urlTemplate\":\"https:\\\/\\\/wp.feuerwehr-stadtallendorf.de\\\/?s={search_term_string}\"},\"query-input\":{\"@type\":\"PropertyValueSpecification\",\"valueRequired\":true,\"valueName\":\"search_term_string\"}}],\"inLanguage\":\"de\"},{\"@type\":\"Organization\",\"@id\":\"https:\\\/\\\/wp.feuerwehr-stadtallendorf.de\\\/#organization\",\"name\":\"Feuerwehr Stadtallendorf\",\"url\":\"https:\\\/\\\/wp.feuerwehr-stadtallendorf.de\\\/\",\"logo\":{\"@type\":\"ImageObject\",\"inLanguage\":\"de\",\"@id\":\"https:\\\/\\\/wp.feuerwehr-stadtallendorf.de\\\/#\\\/schema\\\/logo\\\/image\\\/\",\"url\":\"https:\\\/\\\/wp.feuerwehr-stadtallendorf.de\\\/wp-content\\\/uploads\\\/2022\\\/11\\\/cropped-E49D0952-87B7-44F6-8B7D-97B5D408F444.jpeg\",\"contentUrl\":\"https:\\\/\\\/wp.feuerwehr-stadtallendorf.de\\\/wp-content\\\/uploads\\\/2022\\\/11\\\/cropped-E49D0952-87B7-44F6-8B7D-97B5D408F444.jpeg\",\"width\":512,\"height\":512,\"caption\":\"Feuerwehr Stadtallendorf\"},\"image\":{\"@id\":\"https:\\\/\\\/wp.feuerwehr-stadtallendorf.de\\\/#\\\/schema\\\/logo\\\/image\\\/\"}},{\"@type\":\"Person\",\"@id\":\"https:\\\/\\\/wp.feuerwehr-stadtallendorf.de\\\/#\\\/schema\\\/person\\\/a2afe44d9c81e20ccef2574b0650383d\",\"name\":\"Feuerwehr Stadtallendorf\",\"sameAs\":[\"http:\\\/\\\/feuerwehr-stadtallendorf.de\"],\"url\":\"https:\\\/\\\/wp.feuerwehr-stadtallendorf.de\\\/?author=3\"}]}<\/script>\n<!-- \/ Yoast SEO plugin. -->","yoast_head_json":{"title":"Ausbildung zusammen mit dem DRK Rettungsdienst-Mittelhessen - Feuerwehr Stadallendorf","robots":{"index":"index","follow":"follow","max-snippet":"max-snippet:-1","max-image-preview":"max-image-preview:large","max-video-preview":"max-video-preview:-1"},"canonical":"https:\/\/wp.feuerwehr-stadtallendorf.de\/?p=4116","og_locale":"de_DE","og_type":"article","og_title":"Ausbildung zusammen mit dem DRK Rettungsdienst-Mittelhessen - Feuerwehr Stadallendorf","og_description":"Am 05.03.2023 fand eine Unterrichtseinheit zwischen der Feuerwehr Stadtallendorf-Mitte und dem DRK Rettungsdienst-Mittelhessen statt. Gemeinsam \u00fcbte man das Zusammenspiel zwischen Rettungsdienst und Feuerwehr bei Unf\u00e4llen. Im Anschluss&nbsp; wurde die Thematik &#8218;Unterst\u00fctzung der Feuerwehr bei medizinischen Notf\u00e4llen&#8216; besprochen. Von Seiten des DRK waren die ehemalige Kameradin Anna-Lena M\u00e4urer und der noch aktive Kamerad Marcel Radimerski mit [&hellip;]","og_url":"https:\/\/wp.feuerwehr-stadtallendorf.de\/?p=4116","og_site_name":"Feuerwehr Stadallendorf","article_published_time":"2023-03-05T11:00:41+00:00","article_modified_time":"2023-03-22T07:17:24+00:00","og_image":[{"width":900,"height":864,"url":"https:\/\/wp.feuerwehr-stadtallendorf.de\/wp-content\/uploads\/2023\/03\/drk-jacke-hinten.jpg","type":"image\/jpeg"}],"author":"Feuerwehr Stadtallendorf","twitter_card":"summary_large_image","twitter_misc":{"Verfasst von":"Feuerwehr Stadtallendorf","Gesch\u00e4tzte Lesezeit":"1\u00a0Minute"},"schema":{"@context":"https:\/\/schema.org","@graph":[{"@type":"Article","@id":"https:\/\/wp.feuerwehr-stadtallendorf.de\/?p=4116#article","isPartOf":{"@id":"https:\/\/wp.feuerwehr-stadtallendorf.de\/?p=4116"},"author":{"name":"Feuerwehr Stadtallendorf","@id":"https:\/\/wp.feuerwehr-stadtallendorf.de\/#\/schema\/person\/a2afe44d9c81e20ccef2574b0650383d"},"headline":"Ausbildung zusammen mit dem DRK Rettungsdienst-Mittelhessen","datePublished":"2023-03-05T11:00:41+00:00","dateModified":"2023-03-22T07:17:24+00:00","mainEntityOfPage":{"@id":"https:\/\/wp.feuerwehr-stadtallendorf.de\/?p=4116"},"wordCount":113,"commentCount":0,"publisher":{"@id":"https:\/\/wp.feuerwehr-stadtallendorf.de\/#organization"},"image":{"@id":"https:\/\/wp.feuerwehr-stadtallendorf.de\/?p=4116#primaryimage"},"thumbnailUrl":"https:\/\/wp.feuerwehr-stadtallendorf.de\/wp-content\/uploads\/2023\/03\/drk-jacke-hinten.jpg","articleSection":["Neuigkeiten"],"inLanguage":"de","potentialAction":[{"@type":"CommentAction","name":"Comment","target":["https:\/\/wp.feuerwehr-stadtallendorf.de\/?p=4116#respond"]}]},{"@type":"WebPage","@id":"https:\/\/wp.feuerwehr-stadtallendorf.de\/?p=4116","url":"https:\/\/wp.feuerwehr-stadtallendorf.de\/?p=4116","name":"Ausbildung zusammen mit dem DRK Rettungsdienst-Mittelhessen - Feuerwehr Stadallendorf","isPartOf":{"@id":"https:\/\/wp.feuerwehr-stadtallendorf.de\/#website"},"primaryImageOfPage":{"@id":"https:\/\/wp.feuerwehr-stadtallendorf.de\/?p=4116#primaryimage"},"image":{"@id":"https:\/\/wp.feuerwehr-stadtallendorf.de\/?p=4116#primaryimage"},"thumbnailUrl":"https:\/\/wp.feuerwehr-stadtallendorf.de\/wp-content\/uploads\/2023\/03\/drk-jacke-hinten.jpg","datePublished":"2023-03-05T11:00:41+00:00","dateModified":"2023-03-22T07:17:24+00:00","breadcrumb":{"@id":"https:\/\/wp.feuerwehr-stadtallendorf.de\/?p=4116#breadcrumb"},"inLanguage":"de","potentialAction":[{"@type":"ReadAction","target":["https:\/\/wp.feuerwehr-stadtallendorf.de\/?p=4116"]}]},{"@type":"ImageObject","inLanguage":"de","@id":"https:\/\/wp.feuerwehr-stadtallendorf.de\/?p=4116#primaryimage","url":"https:\/\/wp.feuerwehr-stadtallendorf.de\/wp-content\/uploads\/2023\/03\/drk-jacke-hinten.jpg","contentUrl":"https:\/\/wp.feuerwehr-stadtallendorf.de\/wp-content\/uploads\/2023\/03\/drk-jacke-hinten.jpg","width":900,"height":864},{"@type":"BreadcrumbList","@id":"https:\/\/wp.feuerwehr-stadtallendorf.de\/?p=4116#breadcrumb","itemListElement":[{"@type":"ListItem","position":1,"name":"Startseite","item":"https:\/\/wp.feuerwehr-stadtallendorf.de\/"},{"@type":"ListItem","position":2,"name":"Ausbildung zusammen mit dem DRK Rettungsdienst-Mittelhessen"}]},{"@type":"WebSite","@id":"https:\/\/wp.feuerwehr-stadtallendorf.de\/#website","url":"https:\/\/wp.feuerwehr-stadtallendorf.de\/","name":"Feuerwehr Stadallendorf","description":"Offizielle Webseite der Feuerwehr Stadtallendorf","publisher":{"@id":"https:\/\/wp.feuerwehr-stadtallendorf.de\/#organization"},"potentialAction":[{"@type":"SearchAction","target":{"@type":"EntryPoint","urlTemplate":"https:\/\/wp.feuerwehr-stadtallendorf.de\/?s={search_term_string}"},"query-input":{"@type":"PropertyValueSpecification","valueRequired":true,"valueName":"search_term_string"}}],"inLanguage":"de"},{"@type":"Organization","@id":"https:\/\/wp.feuerwehr-stadtallendorf.de\/#organization","name":"Feuerwehr Stadtallendorf","url":"https:\/\/wp.feuerwehr-stadtallendorf.de\/","logo":{"@type":"ImageObject","inLanguage":"de","@id":"https:\/\/wp.feuerwehr-stadtallendorf.de\/#\/schema\/logo\/image\/","url":"https:\/\/wp.feuerwehr-stadtallendorf.de\/wp-content\/uploads\/2022\/11\/cropped-E49D0952-87B7-44F6-8B7D-97B5D408F444.jpeg","contentUrl":"https:\/\/wp.feuerwehr-stadtallendorf.de\/wp-content\/uploads\/2022\/11\/cropped-E49D0952-87B7-44F6-8B7D-97B5D408F444.jpeg","width":512,"height":512,"caption":"Feuerwehr Stadtallendorf"},"image":{"@id":"https:\/\/wp.feuerwehr-stadtallendorf.de\/#\/schema\/logo\/image\/"}},{"@type":"Person","@id":"https:\/\/wp.feuerwehr-stadtallendorf.de\/#\/schema\/person\/a2afe44d9c81e20ccef2574b0650383d","name":"Feuerwehr Stadtallendorf","sameAs":["http:\/\/feuerwehr-stadtallendorf.de"],"url":"https:\/\/wp.feuerwehr-stadtallendorf.de\/?author=3"}]}},"_links":{"self":[{"href":"https:\/\/wp.feuerwehr-stadtallendorf.de\/index.php?rest_route=\/wp\/v2\/posts\/4116","targetHints":{"allow":["GET"]}}],"collection":[{"href":"https:\/\/wp.feuerwehr-stadtallendorf.de\/index.php?rest_route=\/wp\/v2\/posts"}],"about":[{"href":"https:\/\/wp.feuerwehr-stadtallendorf.de\/index.php?rest_route=\/wp\/v2\/types\/post"}],"author":[{"embeddable":true,"href":"https:\/\/wp.feuerwehr-stadtallendorf.de\/index.php?rest_route=\/wp\/v2\/users\/3"}],"replies":[{"embeddable":true,"href":"https:\/\/wp.feuerwehr-stadtallendorf.de\/index.php?rest_route=%2Fwp%2Fv2%2Fcomments&post=4116"}],"version-history":[{"count":2,"href":"https:\/\/wp.feuerwehr-stadtallendorf.de\/index.php?rest_route=\/wp\/v2\/posts\/4116\/revisions"}],"predecessor-version":[{"id":4121,"href":"https:\/\/wp.feuerwehr-stadtallendorf.de\/index.php?rest_route=\/wp\/v2\/posts\/4116\/revisions\/4121"}],"wp:featuredmedia":[{"embeddable":true,"href":"https:\/\/wp.feuerwehr-stadtallendorf.de\/index.php?rest_route=\/wp\/v2\/media\/4123"}],"wp:attachment":[{"href":"https:\/\/wp.feuerwehr-stadtallendorf.de\/index.php?rest_route=%2Fwp%2Fv2%2Fmedia&parent=4116"}],"wp:term":[{"taxonomy":"category","embeddable":true,"href":"https:\/\/wp.feuerwehr-stadtallendorf.de\/index.php?rest_route=%2Fwp%2Fv2%2Fcategories&post=4116"},{"taxonomy":"post_tag","embeddable":true,"href":"https:\/\/wp.feuerwehr-stadtallendorf.de\/index.php?rest_route=%2Fwp%2Fv2%2Ftags&post=4116"}],"curies":[{"name":"wp","href":"https:\/\/api.w.org\/{rel}","templated":true}]}}