{"id":5153,"date":"2023-10-26T11:32:22","date_gmt":"2023-10-26T09:32:22","guid":{"rendered":"https:\/\/wp.feuerwehr-stadtallendorf.de\/?p=5153"},"modified":"2023-10-27T15:02:10","modified_gmt":"2023-10-27T13:02:10","slug":"einsatz-147-2023","status":"publish","type":"post","link":"https:\/\/wp.feuerwehr-stadtallendorf.de\/?p=5153","title":{"rendered":"Einsatz 147\/2023"},"content":{"rendered":"\n<p>+++ Einsatzmeldung +++<\/p>\n\n\n\n<p>\ud83d\udea8 Einsatz 147\/2023<br>\ud83d\udcc5 26.10.2023<br>\ud83d\udcdf 11:32 Uhr<br>\ud83e\udded Am\u00f6neburg, Steinweg<br>\ud83d\udea8 Stadtallendorf-R\u00fcstkomponente Ost<br>\ud83d\udee0 H Klemm 2 Y Eingeklemmte Personen<\/p>\n\n\n\n<p>Am 26.10.2023 wurde um 11:32 Uhr die R\u00fcstkomponente Ost (R\u00fcstwagen) der Feuerwehr Stadtallendorf alarmiert.<br>In Am\u00f6neburg kam es zu einem Verkehrsunfall von einem Wohnmobil. Infolge des Unfalls wurden zwei Personen in dem Fahrzeug eingeschlossen und konnten sich nicht selbstst\u00e4ndig befreien.<br>Die Kameraden aus Stadtallendorf standen mit dem R\u00fcstwagen vor Ort in Bereitstellung. Mussten aber nicht t\u00e4tig werden.<\/p>\n\n\n\n<p>Der Einsatz konnte nach ca. 60 Minuten wieder beendet werden.<\/p>\n\n\n\n<p>Team BuMa<\/p>\n\n\n\n<figure class=\"wp-block-image size-large is-resized\"><img loading=\"lazy\" decoding=\"async\" width=\"1024\" height=\"768\" src=\"https:\/\/wp.feuerwehr-stadtallendorf.de\/wp-content\/uploads\/2023\/03\/IMG-20201109-WA0065-1024x768.jpg\" alt=\"\" class=\"wp-image-3909\" style=\"aspect-ratio:1.3333333333333333;width:317px;height:auto\" srcset=\"https:\/\/wp.feuerwehr-stadtallendorf.de\/wp-content\/uploads\/2023\/03\/IMG-20201109-WA0065-1024x768.jpg 1024w, https:\/\/wp.feuerwehr-stadtallendorf.de\/wp-content\/uploads\/2023\/03\/IMG-20201109-WA0065-300x225.jpg 300w, https:\/\/wp.feuerwehr-stadtallendorf.de\/wp-content\/uploads\/2023\/03\/IMG-20201109-WA0065-768x576.jpg 768w, https:\/\/wp.feuerwehr-stadtallendorf.de\/wp-content\/uploads\/2023\/03\/IMG-20201109-WA0065-1536x1152.jpg 1536w, https:\/\/wp.feuerwehr-stadtallendorf.de\/wp-content\/uploads\/2023\/03\/IMG-20201109-WA0065.jpg 1600w\" sizes=\"auto, (max-width: 1024px) 100vw, 1024px\" \/><\/figure>\n","protected":false},"excerpt":{"rendered":"<p>+++ Einsatzmeldung +++ \ud83d\udea8 Einsatz 147\/2023\ud83d\udcc5 26.10.2023\ud83d\udcdf 11:32 Uhr\ud83e\udded Am\u00f6neburg, Steinweg\ud83d\udea8 Stadtallendorf-R\u00fcstkomponente Ost\ud83d\udee0 H Klemm 2 Y Eingeklemmte Personen Am 26.10.2023 wurde um 11:32 Uhr die R\u00fcstkomponente Ost (R\u00fcstwagen) der Feuerwehr Stadtallendorf alarmiert.In Am\u00f6neburg kam es zu einem Verkehrsunfall von einem Wohnmobil. Infolge des Unfalls wurden zwei Personen in dem Fahrzeug eingeschlossen und konnten sich [&hellip;]<\/p>\n","protected":false},"author":3,"featured_media":3909,"comment_status":"open","ping_status":"open","sticky":false,"template":"","format":"standard","meta":{"footnotes":""},"categories":[46],"tags":[],"class_list":["post-5153","post","type-post","status-publish","format-standard","has-post-thumbnail","hentry","category-einsaetze","entry","has-media"],"yoast_head":"<!-- This site is optimized with the Yoast SEO plugin v27.4 - https:\/\/yoast.com\/product\/yoast-seo-wordpress\/ -->\n<title>Einsatz 147\/2023 - Feuerwehr Stadallendorf<\/title>\n<meta name=\"robots\" content=\"index, follow, max-snippet:-1, max-image-preview:large, max-video-preview:-1\" \/>\n<link rel=\"canonical\" href=\"https:\/\/wp.feuerwehr-stadtallendorf.de\/?p=5153\" \/>\n<meta property=\"og:locale\" content=\"de_DE\" \/>\n<meta property=\"og:type\" content=\"article\" \/>\n<meta property=\"og:title\" content=\"Einsatz 147\/2023 - Feuerwehr Stadallendorf\" \/>\n<meta property=\"og:description\" content=\"+++ Einsatzmeldung +++ \ud83d\udea8 Einsatz 147\/2023\ud83d\udcc5 26.10.2023\ud83d\udcdf 11:32 Uhr\ud83e\udded Am\u00f6neburg, Steinweg\ud83d\udea8 Stadtallendorf-R\u00fcstkomponente Ost\ud83d\udee0 H Klemm 2 Y Eingeklemmte Personen Am 26.10.2023 wurde um 11:32 Uhr die R\u00fcstkomponente Ost (R\u00fcstwagen) der Feuerwehr Stadtallendorf alarmiert.In Am\u00f6neburg kam es zu einem Verkehrsunfall von einem Wohnmobil. Infolge des Unfalls wurden zwei Personen in dem Fahrzeug eingeschlossen und konnten sich [&hellip;]\" \/>\n<meta property=\"og:url\" content=\"https:\/\/wp.feuerwehr-stadtallendorf.de\/?p=5153\" \/>\n<meta property=\"og:site_name\" content=\"Feuerwehr Stadallendorf\" \/>\n<meta property=\"article:published_time\" content=\"2023-10-26T09:32:22+00:00\" \/>\n<meta property=\"article:modified_time\" content=\"2023-10-27T13:02:10+00:00\" \/>\n<meta property=\"og:image\" content=\"https:\/\/wp.feuerwehr-stadtallendorf.de\/wp-content\/uploads\/2023\/03\/IMG-20201109-WA0065.jpg\" \/>\n\t<meta property=\"og:image:width\" content=\"1600\" \/>\n\t<meta property=\"og:image:height\" content=\"1200\" \/>\n\t<meta property=\"og:image:type\" content=\"image\/jpeg\" \/>\n<meta name=\"author\" content=\"Feuerwehr Stadtallendorf\" \/>\n<meta name=\"twitter:card\" content=\"summary_large_image\" \/>\n<meta name=\"twitter:label1\" content=\"Verfasst von\" \/>\n\t<meta name=\"twitter:data1\" content=\"Feuerwehr Stadtallendorf\" \/>\n\t<meta name=\"twitter:label2\" content=\"Gesch\u00e4tzte Lesezeit\" \/>\n\t<meta name=\"twitter:data2\" content=\"1\u00a0Minute\" \/>\n<script type=\"application\/ld+json\" class=\"yoast-schema-graph\">{\"@context\":\"https:\\\/\\\/schema.org\",\"@graph\":[{\"@type\":\"Article\",\"@id\":\"https:\\\/\\\/wp.feuerwehr-stadtallendorf.de\\\/?p=5153#article\",\"isPartOf\":{\"@id\":\"https:\\\/\\\/wp.feuerwehr-stadtallendorf.de\\\/?p=5153\"},\"author\":{\"name\":\"Feuerwehr Stadtallendorf\",\"@id\":\"https:\\\/\\\/wp.feuerwehr-stadtallendorf.de\\\/#\\\/schema\\\/person\\\/a2afe44d9c81e20ccef2574b0650383d\"},\"headline\":\"Einsatz 147\\\/2023\",\"datePublished\":\"2023-10-26T09:32:22+00:00\",\"dateModified\":\"2023-10-27T13:02:10+00:00\",\"mainEntityOfPage\":{\"@id\":\"https:\\\/\\\/wp.feuerwehr-stadtallendorf.de\\\/?p=5153\"},\"wordCount\":87,\"commentCount\":0,\"publisher\":{\"@id\":\"https:\\\/\\\/wp.feuerwehr-stadtallendorf.de\\\/#organization\"},\"image\":{\"@id\":\"https:\\\/\\\/wp.feuerwehr-stadtallendorf.de\\\/?p=5153#primaryimage\"},\"thumbnailUrl\":\"https:\\\/\\\/wp.feuerwehr-stadtallendorf.de\\\/wp-content\\\/uploads\\\/2023\\\/03\\\/IMG-20201109-WA0065.jpg\",\"articleSection\":[\"Eins\u00e4tze\"],\"inLanguage\":\"de\",\"potentialAction\":[{\"@type\":\"CommentAction\",\"name\":\"Comment\",\"target\":[\"https:\\\/\\\/wp.feuerwehr-stadtallendorf.de\\\/?p=5153#respond\"]}]},{\"@type\":\"WebPage\",\"@id\":\"https:\\\/\\\/wp.feuerwehr-stadtallendorf.de\\\/?p=5153\",\"url\":\"https:\\\/\\\/wp.feuerwehr-stadtallendorf.de\\\/?p=5153\",\"name\":\"Einsatz 147\\\/2023 - Feuerwehr Stadallendorf\",\"isPartOf\":{\"@id\":\"https:\\\/\\\/wp.feuerwehr-stadtallendorf.de\\\/#website\"},\"primaryImageOfPage\":{\"@id\":\"https:\\\/\\\/wp.feuerwehr-stadtallendorf.de\\\/?p=5153#primaryimage\"},\"image\":{\"@id\":\"https:\\\/\\\/wp.feuerwehr-stadtallendorf.de\\\/?p=5153#primaryimage\"},\"thumbnailUrl\":\"https:\\\/\\\/wp.feuerwehr-stadtallendorf.de\\\/wp-content\\\/uploads\\\/2023\\\/03\\\/IMG-20201109-WA0065.jpg\",\"datePublished\":\"2023-10-26T09:32:22+00:00\",\"dateModified\":\"2023-10-27T13:02:10+00:00\",\"breadcrumb\":{\"@id\":\"https:\\\/\\\/wp.feuerwehr-stadtallendorf.de\\\/?p=5153#breadcrumb\"},\"inLanguage\":\"de\",\"potentialAction\":[{\"@type\":\"ReadAction\",\"target\":[\"https:\\\/\\\/wp.feuerwehr-stadtallendorf.de\\\/?p=5153\"]}]},{\"@type\":\"ImageObject\",\"inLanguage\":\"de\",\"@id\":\"https:\\\/\\\/wp.feuerwehr-stadtallendorf.de\\\/?p=5153#primaryimage\",\"url\":\"https:\\\/\\\/wp.feuerwehr-stadtallendorf.de\\\/wp-content\\\/uploads\\\/2023\\\/03\\\/IMG-20201109-WA0065.jpg\",\"contentUrl\":\"https:\\\/\\\/wp.feuerwehr-stadtallendorf.de\\\/wp-content\\\/uploads\\\/2023\\\/03\\\/IMG-20201109-WA0065.jpg\",\"width\":1600,\"height\":1200},{\"@type\":\"BreadcrumbList\",\"@id\":\"https:\\\/\\\/wp.feuerwehr-stadtallendorf.de\\\/?p=5153#breadcrumb\",\"itemListElement\":[{\"@type\":\"ListItem\",\"position\":1,\"name\":\"Startseite\",\"item\":\"https:\\\/\\\/wp.feuerwehr-stadtallendorf.de\\\/\"},{\"@type\":\"ListItem\",\"position\":2,\"name\":\"Einsatz 147\\\/2023\"}]},{\"@type\":\"WebSite\",\"@id\":\"https:\\\/\\\/wp.feuerwehr-stadtallendorf.de\\\/#website\",\"url\":\"https:\\\/\\\/wp.feuerwehr-stadtallendorf.de\\\/\",\"name\":\"Feuerwehr Stadallendorf\",\"description\":\"Offizielle Webseite der Feuerwehr Stadtallendorf\",\"publisher\":{\"@id\":\"https:\\\/\\\/wp.feuerwehr-stadtallendorf.de\\\/#organization\"},\"potentialAction\":[{\"@type\":\"SearchAction\",\"target\":{\"@type\":\"EntryPoint\",\"urlTemplate\":\"https:\\\/\\\/wp.feuerwehr-stadtallendorf.de\\\/?s={search_term_string}\"},\"query-input\":{\"@type\":\"PropertyValueSpecification\",\"valueRequired\":true,\"valueName\":\"search_term_string\"}}],\"inLanguage\":\"de\"},{\"@type\":\"Organization\",\"@id\":\"https:\\\/\\\/wp.feuerwehr-stadtallendorf.de\\\/#organization\",\"name\":\"Feuerwehr Stadtallendorf\",\"url\":\"https:\\\/\\\/wp.feuerwehr-stadtallendorf.de\\\/\",\"logo\":{\"@type\":\"ImageObject\",\"inLanguage\":\"de\",\"@id\":\"https:\\\/\\\/wp.feuerwehr-stadtallendorf.de\\\/#\\\/schema\\\/logo\\\/image\\\/\",\"url\":\"https:\\\/\\\/wp.feuerwehr-stadtallendorf.de\\\/wp-content\\\/uploads\\\/2022\\\/11\\\/cropped-E49D0952-87B7-44F6-8B7D-97B5D408F444.jpeg\",\"contentUrl\":\"https:\\\/\\\/wp.feuerwehr-stadtallendorf.de\\\/wp-content\\\/uploads\\\/2022\\\/11\\\/cropped-E49D0952-87B7-44F6-8B7D-97B5D408F444.jpeg\",\"width\":512,\"height\":512,\"caption\":\"Feuerwehr Stadtallendorf\"},\"image\":{\"@id\":\"https:\\\/\\\/wp.feuerwehr-stadtallendorf.de\\\/#\\\/schema\\\/logo\\\/image\\\/\"}},{\"@type\":\"Person\",\"@id\":\"https:\\\/\\\/wp.feuerwehr-stadtallendorf.de\\\/#\\\/schema\\\/person\\\/a2afe44d9c81e20ccef2574b0650383d\",\"name\":\"Feuerwehr Stadtallendorf\",\"sameAs\":[\"http:\\\/\\\/feuerwehr-stadtallendorf.de\"],\"url\":\"https:\\\/\\\/wp.feuerwehr-stadtallendorf.de\\\/?author=3\"}]}<\/script>\n<!-- \/ Yoast SEO plugin. -->","yoast_head_json":{"title":"Einsatz 147\/2023 - Feuerwehr Stadallendorf","robots":{"index":"index","follow":"follow","max-snippet":"max-snippet:-1","max-image-preview":"max-image-preview:large","max-video-preview":"max-video-preview:-1"},"canonical":"https:\/\/wp.feuerwehr-stadtallendorf.de\/?p=5153","og_locale":"de_DE","og_type":"article","og_title":"Einsatz 147\/2023 - Feuerwehr Stadallendorf","og_description":"+++ Einsatzmeldung +++ \ud83d\udea8 Einsatz 147\/2023\ud83d\udcc5 26.10.2023\ud83d\udcdf 11:32 Uhr\ud83e\udded Am\u00f6neburg, Steinweg\ud83d\udea8 Stadtallendorf-R\u00fcstkomponente Ost\ud83d\udee0 H Klemm 2 Y Eingeklemmte Personen Am 26.10.2023 wurde um 11:32 Uhr die R\u00fcstkomponente Ost (R\u00fcstwagen) der Feuerwehr Stadtallendorf alarmiert.In Am\u00f6neburg kam es zu einem Verkehrsunfall von einem Wohnmobil. Infolge des Unfalls wurden zwei Personen in dem Fahrzeug eingeschlossen und konnten sich [&hellip;]","og_url":"https:\/\/wp.feuerwehr-stadtallendorf.de\/?p=5153","og_site_name":"Feuerwehr Stadallendorf","article_published_time":"2023-10-26T09:32:22+00:00","article_modified_time":"2023-10-27T13:02:10+00:00","og_image":[{"width":1600,"height":1200,"url":"https:\/\/wp.feuerwehr-stadtallendorf.de\/wp-content\/uploads\/2023\/03\/IMG-20201109-WA0065.jpg","type":"image\/jpeg"}],"author":"Feuerwehr Stadtallendorf","twitter_card":"summary_large_image","twitter_misc":{"Verfasst von":"Feuerwehr Stadtallendorf","Gesch\u00e4tzte Lesezeit":"1\u00a0Minute"},"schema":{"@context":"https:\/\/schema.org","@graph":[{"@type":"Article","@id":"https:\/\/wp.feuerwehr-stadtallendorf.de\/?p=5153#article","isPartOf":{"@id":"https:\/\/wp.feuerwehr-stadtallendorf.de\/?p=5153"},"author":{"name":"Feuerwehr Stadtallendorf","@id":"https:\/\/wp.feuerwehr-stadtallendorf.de\/#\/schema\/person\/a2afe44d9c81e20ccef2574b0650383d"},"headline":"Einsatz 147\/2023","datePublished":"2023-10-26T09:32:22+00:00","dateModified":"2023-10-27T13:02:10+00:00","mainEntityOfPage":{"@id":"https:\/\/wp.feuerwehr-stadtallendorf.de\/?p=5153"},"wordCount":87,"commentCount":0,"publisher":{"@id":"https:\/\/wp.feuerwehr-stadtallendorf.de\/#organization"},"image":{"@id":"https:\/\/wp.feuerwehr-stadtallendorf.de\/?p=5153#primaryimage"},"thumbnailUrl":"https:\/\/wp.feuerwehr-stadtallendorf.de\/wp-content\/uploads\/2023\/03\/IMG-20201109-WA0065.jpg","articleSection":["Eins\u00e4tze"],"inLanguage":"de","potentialAction":[{"@type":"CommentAction","name":"Comment","target":["https:\/\/wp.feuerwehr-stadtallendorf.de\/?p=5153#respond"]}]},{"@type":"WebPage","@id":"https:\/\/wp.feuerwehr-stadtallendorf.de\/?p=5153","url":"https:\/\/wp.feuerwehr-stadtallendorf.de\/?p=5153","name":"Einsatz 147\/2023 - Feuerwehr Stadallendorf","isPartOf":{"@id":"https:\/\/wp.feuerwehr-stadtallendorf.de\/#website"},"primaryImageOfPage":{"@id":"https:\/\/wp.feuerwehr-stadtallendorf.de\/?p=5153#primaryimage"},"image":{"@id":"https:\/\/wp.feuerwehr-stadtallendorf.de\/?p=5153#primaryimage"},"thumbnailUrl":"https:\/\/wp.feuerwehr-stadtallendorf.de\/wp-content\/uploads\/2023\/03\/IMG-20201109-WA0065.jpg","datePublished":"2023-10-26T09:32:22+00:00","dateModified":"2023-10-27T13:02:10+00:00","breadcrumb":{"@id":"https:\/\/wp.feuerwehr-stadtallendorf.de\/?p=5153#breadcrumb"},"inLanguage":"de","potentialAction":[{"@type":"ReadAction","target":["https:\/\/wp.feuerwehr-stadtallendorf.de\/?p=5153"]}]},{"@type":"ImageObject","inLanguage":"de","@id":"https:\/\/wp.feuerwehr-stadtallendorf.de\/?p=5153#primaryimage","url":"https:\/\/wp.feuerwehr-stadtallendorf.de\/wp-content\/uploads\/2023\/03\/IMG-20201109-WA0065.jpg","contentUrl":"https:\/\/wp.feuerwehr-stadtallendorf.de\/wp-content\/uploads\/2023\/03\/IMG-20201109-WA0065.jpg","width":1600,"height":1200},{"@type":"BreadcrumbList","@id":"https:\/\/wp.feuerwehr-stadtallendorf.de\/?p=5153#breadcrumb","itemListElement":[{"@type":"ListItem","position":1,"name":"Startseite","item":"https:\/\/wp.feuerwehr-stadtallendorf.de\/"},{"@type":"ListItem","position":2,"name":"Einsatz 147\/2023"}]},{"@type":"WebSite","@id":"https:\/\/wp.feuerwehr-stadtallendorf.de\/#website","url":"https:\/\/wp.feuerwehr-stadtallendorf.de\/","name":"Feuerwehr Stadallendorf","description":"Offizielle Webseite der Feuerwehr Stadtallendorf","publisher":{"@id":"https:\/\/wp.feuerwehr-stadtallendorf.de\/#organization"},"potentialAction":[{"@type":"SearchAction","target":{"@type":"EntryPoint","urlTemplate":"https:\/\/wp.feuerwehr-stadtallendorf.de\/?s={search_term_string}"},"query-input":{"@type":"PropertyValueSpecification","valueRequired":true,"valueName":"search_term_string"}}],"inLanguage":"de"},{"@type":"Organization","@id":"https:\/\/wp.feuerwehr-stadtallendorf.de\/#organization","name":"Feuerwehr Stadtallendorf","url":"https:\/\/wp.feuerwehr-stadtallendorf.de\/","logo":{"@type":"ImageObject","inLanguage":"de","@id":"https:\/\/wp.feuerwehr-stadtallendorf.de\/#\/schema\/logo\/image\/","url":"https:\/\/wp.feuerwehr-stadtallendorf.de\/wp-content\/uploads\/2022\/11\/cropped-E49D0952-87B7-44F6-8B7D-97B5D408F444.jpeg","contentUrl":"https:\/\/wp.feuerwehr-stadtallendorf.de\/wp-content\/uploads\/2022\/11\/cropped-E49D0952-87B7-44F6-8B7D-97B5D408F444.jpeg","width":512,"height":512,"caption":"Feuerwehr Stadtallendorf"},"image":{"@id":"https:\/\/wp.feuerwehr-stadtallendorf.de\/#\/schema\/logo\/image\/"}},{"@type":"Person","@id":"https:\/\/wp.feuerwehr-stadtallendorf.de\/#\/schema\/person\/a2afe44d9c81e20ccef2574b0650383d","name":"Feuerwehr Stadtallendorf","sameAs":["http:\/\/feuerwehr-stadtallendorf.de"],"url":"https:\/\/wp.feuerwehr-stadtallendorf.de\/?author=3"}]}},"_links":{"self":[{"href":"https:\/\/wp.feuerwehr-stadtallendorf.de\/index.php?rest_route=\/wp\/v2\/posts\/5153","targetHints":{"allow":["GET"]}}],"collection":[{"href":"https:\/\/wp.feuerwehr-stadtallendorf.de\/index.php?rest_route=\/wp\/v2\/posts"}],"about":[{"href":"https:\/\/wp.feuerwehr-stadtallendorf.de\/index.php?rest_route=\/wp\/v2\/types\/post"}],"author":[{"embeddable":true,"href":"https:\/\/wp.feuerwehr-stadtallendorf.de\/index.php?rest_route=\/wp\/v2\/users\/3"}],"replies":[{"embeddable":true,"href":"https:\/\/wp.feuerwehr-stadtallendorf.de\/index.php?rest_route=%2Fwp%2Fv2%2Fcomments&post=5153"}],"version-history":[{"count":1,"href":"https:\/\/wp.feuerwehr-stadtallendorf.de\/index.php?rest_route=\/wp\/v2\/posts\/5153\/revisions"}],"predecessor-version":[{"id":5154,"href":"https:\/\/wp.feuerwehr-stadtallendorf.de\/index.php?rest_route=\/wp\/v2\/posts\/5153\/revisions\/5154"}],"wp:featuredmedia":[{"embeddable":true,"href":"https:\/\/wp.feuerwehr-stadtallendorf.de\/index.php?rest_route=\/wp\/v2\/media\/3909"}],"wp:attachment":[{"href":"https:\/\/wp.feuerwehr-stadtallendorf.de\/index.php?rest_route=%2Fwp%2Fv2%2Fmedia&parent=5153"}],"wp:term":[{"taxonomy":"category","embeddable":true,"href":"https:\/\/wp.feuerwehr-stadtallendorf.de\/index.php?rest_route=%2Fwp%2Fv2%2Fcategories&post=5153"},{"taxonomy":"post_tag","embeddable":true,"href":"https:\/\/wp.feuerwehr-stadtallendorf.de\/index.php?rest_route=%2Fwp%2Fv2%2Ftags&post=5153"}],"curies":[{"name":"wp","href":"https:\/\/api.w.org\/{rel}","templated":true}]}}