{"id":6102,"date":"2024-08-31T16:00:32","date_gmt":"2024-08-31T14:00:32","guid":{"rendered":"https:\/\/wp.feuerwehr-stadtallendorf.de\/?p=6102"},"modified":"2024-09-19T12:19:12","modified_gmt":"2024-09-19T10:19:12","slug":"grillnachmittag-der-alters-und-ehrenabteilung-der-stadtallendorfer-feuerwehren","status":"publish","type":"post","link":"https:\/\/wp.feuerwehr-stadtallendorf.de\/?p=6102","title":{"rendered":"Grillnachmittag der Alters- und Ehrenabteilung der Stadtallendorfer Feuerwehren"},"content":{"rendered":"\n<p>Am 31.08.24 fand der Grillnachmittag der Alters- und Ehrenabteilung der Stadtallendorfer Feuerwehren statt.&nbsp;<\/p>\n\n\n\n<p>Der Vorsitzende, Joachim M\u00fcller, begr\u00fc\u00dfte die Mitglieder der Alters- und Ehrenabteilung mit ihren PartnerInnen im Ger\u00e4tehaus in Stadtallendorf. Joachim M\u00fcller freute sich \u00fcber die rege Teilnahme.&nbsp; Der Stadtrat, Robert Botthof, \u00fcberbrachte die Gr\u00fc\u00dfe der st\u00e4dtischen Gremien.&nbsp;&nbsp;<\/p>\n\n\n\n<p>Ein kurzweiliger Nachmittag bei Bratwurst und Getr\u00e4nken fand guten Anklang . Zudem wurden noch F\u00fchrungen durch das neue Ger\u00e4tehaus der Feuerwehr Stadtallendorf angeboten. Joachim M\u00fcller dankte der Feuerwehr Stadtallendorf f\u00fcr die Bewirtung und F\u00fchrungen.<\/p>\n\n\n\n<figure class=\"wp-block-gallery has-nested-images columns-default is-cropped wp-block-gallery-1 is-layout-flex wp-block-gallery-is-layout-flex\">\n<figure class=\"wp-block-image size-large\"><img loading=\"lazy\" decoding=\"async\" width=\"1024\" height=\"1024\" data-id=\"6104\" src=\"https:\/\/wp.feuerwehr-stadtallendorf.de\/wp-content\/uploads\/2024\/09\/IMG_20240916_201237_916-1024x1024.jpg\" alt=\"\" class=\"wp-image-6104\" srcset=\"https:\/\/wp.feuerwehr-stadtallendorf.de\/wp-content\/uploads\/2024\/09\/IMG_20240916_201237_916-1024x1024.jpg 1024w, https:\/\/wp.feuerwehr-stadtallendorf.de\/wp-content\/uploads\/2024\/09\/IMG_20240916_201237_916-300x300.jpg 300w, https:\/\/wp.feuerwehr-stadtallendorf.de\/wp-content\/uploads\/2024\/09\/IMG_20240916_201237_916-150x150.jpg 150w, https:\/\/wp.feuerwehr-stadtallendorf.de\/wp-content\/uploads\/2024\/09\/IMG_20240916_201237_916-768x768.jpg 768w, https:\/\/wp.feuerwehr-stadtallendorf.de\/wp-content\/uploads\/2024\/09\/IMG_20240916_201237_916-600x600.jpg 600w, https:\/\/wp.feuerwehr-stadtallendorf.de\/wp-content\/uploads\/2024\/09\/IMG_20240916_201237_916.jpg 1440w\" sizes=\"auto, (max-width: 1024px) 100vw, 1024px\" \/><\/figure>\n\n\n\n<figure class=\"wp-block-image size-large\"><img loading=\"lazy\" decoding=\"async\" width=\"1024\" height=\"1024\" data-id=\"6103\" src=\"https:\/\/wp.feuerwehr-stadtallendorf.de\/wp-content\/uploads\/2024\/09\/IMG_20240916_201237_956-1024x1024.jpg\" alt=\"\" class=\"wp-image-6103\" srcset=\"https:\/\/wp.feuerwehr-stadtallendorf.de\/wp-content\/uploads\/2024\/09\/IMG_20240916_201237_956-1024x1024.jpg 1024w, https:\/\/wp.feuerwehr-stadtallendorf.de\/wp-content\/uploads\/2024\/09\/IMG_20240916_201237_956-300x300.jpg 300w, https:\/\/wp.feuerwehr-stadtallendorf.de\/wp-content\/uploads\/2024\/09\/IMG_20240916_201237_956-150x150.jpg 150w, https:\/\/wp.feuerwehr-stadtallendorf.de\/wp-content\/uploads\/2024\/09\/IMG_20240916_201237_956-768x768.jpg 768w, https:\/\/wp.feuerwehr-stadtallendorf.de\/wp-content\/uploads\/2024\/09\/IMG_20240916_201237_956-600x600.jpg 600w, https:\/\/wp.feuerwehr-stadtallendorf.de\/wp-content\/uploads\/2024\/09\/IMG_20240916_201237_956.jpg 1152w\" sizes=\"auto, (max-width: 1024px) 100vw, 1024px\" \/><\/figure>\n\n\n\n<figure class=\"wp-block-image size-large\"><img loading=\"lazy\" decoding=\"async\" width=\"1024\" height=\"1024\" data-id=\"6105\" src=\"https:\/\/wp.feuerwehr-stadtallendorf.de\/wp-content\/uploads\/2024\/09\/IMG_20240916_201237_993-1024x1024.jpg\" alt=\"\" class=\"wp-image-6105\" srcset=\"https:\/\/wp.feuerwehr-stadtallendorf.de\/wp-content\/uploads\/2024\/09\/IMG_20240916_201237_993-1024x1024.jpg 1024w, https:\/\/wp.feuerwehr-stadtallendorf.de\/wp-content\/uploads\/2024\/09\/IMG_20240916_201237_993-300x300.jpg 300w, https:\/\/wp.feuerwehr-stadtallendorf.de\/wp-content\/uploads\/2024\/09\/IMG_20240916_201237_993-150x150.jpg 150w, https:\/\/wp.feuerwehr-stadtallendorf.de\/wp-content\/uploads\/2024\/09\/IMG_20240916_201237_993-768x768.jpg 768w, https:\/\/wp.feuerwehr-stadtallendorf.de\/wp-content\/uploads\/2024\/09\/IMG_20240916_201237_993-600x600.jpg 600w, https:\/\/wp.feuerwehr-stadtallendorf.de\/wp-content\/uploads\/2024\/09\/IMG_20240916_201237_993.jpg 1440w\" sizes=\"auto, (max-width: 1024px) 100vw, 1024px\" \/><\/figure>\n<\/figure>\n","protected":false},"excerpt":{"rendered":"<p>Am 31.08.24 fand der Grillnachmittag der Alters- und Ehrenabteilung der Stadtallendorfer Feuerwehren statt.&nbsp; Der Vorsitzende, Joachim M\u00fcller, begr\u00fc\u00dfte die Mitglieder der Alters- und Ehrenabteilung mit ihren PartnerInnen im Ger\u00e4tehaus in Stadtallendorf. Joachim M\u00fcller freute sich \u00fcber die rege Teilnahme.&nbsp; Der Stadtrat, Robert Botthof, \u00fcberbrachte die Gr\u00fc\u00dfe der st\u00e4dtischen Gremien.&nbsp;&nbsp; Ein kurzweiliger Nachmittag bei Bratwurst und [&hellip;]<\/p>\n","protected":false},"author":3,"featured_media":6104,"comment_status":"open","ping_status":"open","sticky":false,"template":"","format":"standard","meta":{"footnotes":""},"categories":[1],"tags":[],"class_list":["post-6102","post","type-post","status-publish","format-standard","has-post-thumbnail","hentry","category-neuigkeiten","entry","has-media"],"yoast_head":"<!-- This site is optimized with the Yoast SEO plugin v27.4 - https:\/\/yoast.com\/product\/yoast-seo-wordpress\/ -->\n<title>Grillnachmittag der Alters- und Ehrenabteilung der Stadtallendorfer Feuerwehren - Feuerwehr Stadallendorf<\/title>\n<meta name=\"robots\" content=\"index, follow, max-snippet:-1, max-image-preview:large, max-video-preview:-1\" \/>\n<link rel=\"canonical\" href=\"https:\/\/wp.feuerwehr-stadtallendorf.de\/?p=6102\" \/>\n<meta property=\"og:locale\" content=\"de_DE\" \/>\n<meta property=\"og:type\" content=\"article\" \/>\n<meta property=\"og:title\" content=\"Grillnachmittag der Alters- und Ehrenabteilung der Stadtallendorfer Feuerwehren - Feuerwehr Stadallendorf\" \/>\n<meta property=\"og:description\" content=\"Am 31.08.24 fand der Grillnachmittag der Alters- und Ehrenabteilung der Stadtallendorfer Feuerwehren statt.&nbsp; Der Vorsitzende, Joachim M\u00fcller, begr\u00fc\u00dfte die Mitglieder der Alters- und Ehrenabteilung mit ihren PartnerInnen im Ger\u00e4tehaus in Stadtallendorf. Joachim M\u00fcller freute sich \u00fcber die rege Teilnahme.&nbsp; Der Stadtrat, Robert Botthof, \u00fcberbrachte die Gr\u00fc\u00dfe der st\u00e4dtischen Gremien.&nbsp;&nbsp; Ein kurzweiliger Nachmittag bei Bratwurst und [&hellip;]\" \/>\n<meta property=\"og:url\" content=\"https:\/\/wp.feuerwehr-stadtallendorf.de\/?p=6102\" \/>\n<meta property=\"og:site_name\" content=\"Feuerwehr Stadallendorf\" \/>\n<meta property=\"article:published_time\" content=\"2024-08-31T14:00:32+00:00\" \/>\n<meta property=\"article:modified_time\" content=\"2024-09-19T10:19:12+00:00\" \/>\n<meta property=\"og:image\" content=\"https:\/\/wp.feuerwehr-stadtallendorf.de\/wp-content\/uploads\/2024\/09\/IMG_20240916_201237_916.jpg\" \/>\n\t<meta property=\"og:image:width\" content=\"1440\" \/>\n\t<meta property=\"og:image:height\" content=\"1440\" \/>\n\t<meta property=\"og:image:type\" content=\"image\/jpeg\" \/>\n<meta name=\"author\" content=\"Feuerwehr Stadtallendorf\" \/>\n<meta name=\"twitter:card\" content=\"summary_large_image\" \/>\n<meta name=\"twitter:label1\" content=\"Verfasst von\" \/>\n\t<meta name=\"twitter:data1\" content=\"Feuerwehr Stadtallendorf\" \/>\n\t<meta name=\"twitter:label2\" content=\"Gesch\u00e4tzte Lesezeit\" \/>\n\t<meta name=\"twitter:data2\" content=\"2\u00a0Minuten\" \/>\n<script type=\"application\/ld+json\" class=\"yoast-schema-graph\">{\"@context\":\"https:\\\/\\\/schema.org\",\"@graph\":[{\"@type\":\"Article\",\"@id\":\"https:\\\/\\\/wp.feuerwehr-stadtallendorf.de\\\/?p=6102#article\",\"isPartOf\":{\"@id\":\"https:\\\/\\\/wp.feuerwehr-stadtallendorf.de\\\/?p=6102\"},\"author\":{\"name\":\"Feuerwehr Stadtallendorf\",\"@id\":\"https:\\\/\\\/wp.feuerwehr-stadtallendorf.de\\\/#\\\/schema\\\/person\\\/a2afe44d9c81e20ccef2574b0650383d\"},\"headline\":\"Grillnachmittag der Alters- und Ehrenabteilung der Stadtallendorfer Feuerwehren\",\"datePublished\":\"2024-08-31T14:00:32+00:00\",\"dateModified\":\"2024-09-19T10:19:12+00:00\",\"mainEntityOfPage\":{\"@id\":\"https:\\\/\\\/wp.feuerwehr-stadtallendorf.de\\\/?p=6102\"},\"wordCount\":105,\"commentCount\":0,\"publisher\":{\"@id\":\"https:\\\/\\\/wp.feuerwehr-stadtallendorf.de\\\/#organization\"},\"image\":{\"@id\":\"https:\\\/\\\/wp.feuerwehr-stadtallendorf.de\\\/?p=6102#primaryimage\"},\"thumbnailUrl\":\"https:\\\/\\\/wp.feuerwehr-stadtallendorf.de\\\/wp-content\\\/uploads\\\/2024\\\/09\\\/IMG_20240916_201237_916.jpg\",\"articleSection\":[\"Neuigkeiten\"],\"inLanguage\":\"de\",\"potentialAction\":[{\"@type\":\"CommentAction\",\"name\":\"Comment\",\"target\":[\"https:\\\/\\\/wp.feuerwehr-stadtallendorf.de\\\/?p=6102#respond\"]}]},{\"@type\":\"WebPage\",\"@id\":\"https:\\\/\\\/wp.feuerwehr-stadtallendorf.de\\\/?p=6102\",\"url\":\"https:\\\/\\\/wp.feuerwehr-stadtallendorf.de\\\/?p=6102\",\"name\":\"Grillnachmittag der Alters- und Ehrenabteilung der Stadtallendorfer Feuerwehren - Feuerwehr Stadallendorf\",\"isPartOf\":{\"@id\":\"https:\\\/\\\/wp.feuerwehr-stadtallendorf.de\\\/#website\"},\"primaryImageOfPage\":{\"@id\":\"https:\\\/\\\/wp.feuerwehr-stadtallendorf.de\\\/?p=6102#primaryimage\"},\"image\":{\"@id\":\"https:\\\/\\\/wp.feuerwehr-stadtallendorf.de\\\/?p=6102#primaryimage\"},\"thumbnailUrl\":\"https:\\\/\\\/wp.feuerwehr-stadtallendorf.de\\\/wp-content\\\/uploads\\\/2024\\\/09\\\/IMG_20240916_201237_916.jpg\",\"datePublished\":\"2024-08-31T14:00:32+00:00\",\"dateModified\":\"2024-09-19T10:19:12+00:00\",\"breadcrumb\":{\"@id\":\"https:\\\/\\\/wp.feuerwehr-stadtallendorf.de\\\/?p=6102#breadcrumb\"},\"inLanguage\":\"de\",\"potentialAction\":[{\"@type\":\"ReadAction\",\"target\":[\"https:\\\/\\\/wp.feuerwehr-stadtallendorf.de\\\/?p=6102\"]}]},{\"@type\":\"ImageObject\",\"inLanguage\":\"de\",\"@id\":\"https:\\\/\\\/wp.feuerwehr-stadtallendorf.de\\\/?p=6102#primaryimage\",\"url\":\"https:\\\/\\\/wp.feuerwehr-stadtallendorf.de\\\/wp-content\\\/uploads\\\/2024\\\/09\\\/IMG_20240916_201237_916.jpg\",\"contentUrl\":\"https:\\\/\\\/wp.feuerwehr-stadtallendorf.de\\\/wp-content\\\/uploads\\\/2024\\\/09\\\/IMG_20240916_201237_916.jpg\",\"width\":1440,\"height\":1440},{\"@type\":\"BreadcrumbList\",\"@id\":\"https:\\\/\\\/wp.feuerwehr-stadtallendorf.de\\\/?p=6102#breadcrumb\",\"itemListElement\":[{\"@type\":\"ListItem\",\"position\":1,\"name\":\"Startseite\",\"item\":\"https:\\\/\\\/wp.feuerwehr-stadtallendorf.de\\\/\"},{\"@type\":\"ListItem\",\"position\":2,\"name\":\"Grillnachmittag der Alters- und Ehrenabteilung der Stadtallendorfer Feuerwehren\"}]},{\"@type\":\"WebSite\",\"@id\":\"https:\\\/\\\/wp.feuerwehr-stadtallendorf.de\\\/#website\",\"url\":\"https:\\\/\\\/wp.feuerwehr-stadtallendorf.de\\\/\",\"name\":\"Feuerwehr Stadallendorf\",\"description\":\"Offizielle Webseite der Feuerwehr Stadtallendorf\",\"publisher\":{\"@id\":\"https:\\\/\\\/wp.feuerwehr-stadtallendorf.de\\\/#organization\"},\"potentialAction\":[{\"@type\":\"SearchAction\",\"target\":{\"@type\":\"EntryPoint\",\"urlTemplate\":\"https:\\\/\\\/wp.feuerwehr-stadtallendorf.de\\\/?s={search_term_string}\"},\"query-input\":{\"@type\":\"PropertyValueSpecification\",\"valueRequired\":true,\"valueName\":\"search_term_string\"}}],\"inLanguage\":\"de\"},{\"@type\":\"Organization\",\"@id\":\"https:\\\/\\\/wp.feuerwehr-stadtallendorf.de\\\/#organization\",\"name\":\"Feuerwehr Stadtallendorf\",\"url\":\"https:\\\/\\\/wp.feuerwehr-stadtallendorf.de\\\/\",\"logo\":{\"@type\":\"ImageObject\",\"inLanguage\":\"de\",\"@id\":\"https:\\\/\\\/wp.feuerwehr-stadtallendorf.de\\\/#\\\/schema\\\/logo\\\/image\\\/\",\"url\":\"https:\\\/\\\/wp.feuerwehr-stadtallendorf.de\\\/wp-content\\\/uploads\\\/2022\\\/11\\\/cropped-E49D0952-87B7-44F6-8B7D-97B5D408F444.jpeg\",\"contentUrl\":\"https:\\\/\\\/wp.feuerwehr-stadtallendorf.de\\\/wp-content\\\/uploads\\\/2022\\\/11\\\/cropped-E49D0952-87B7-44F6-8B7D-97B5D408F444.jpeg\",\"width\":512,\"height\":512,\"caption\":\"Feuerwehr Stadtallendorf\"},\"image\":{\"@id\":\"https:\\\/\\\/wp.feuerwehr-stadtallendorf.de\\\/#\\\/schema\\\/logo\\\/image\\\/\"}},{\"@type\":\"Person\",\"@id\":\"https:\\\/\\\/wp.feuerwehr-stadtallendorf.de\\\/#\\\/schema\\\/person\\\/a2afe44d9c81e20ccef2574b0650383d\",\"name\":\"Feuerwehr Stadtallendorf\",\"sameAs\":[\"http:\\\/\\\/feuerwehr-stadtallendorf.de\"],\"url\":\"https:\\\/\\\/wp.feuerwehr-stadtallendorf.de\\\/?author=3\"}]}<\/script>\n<!-- \/ Yoast SEO plugin. -->","yoast_head_json":{"title":"Grillnachmittag der Alters- und Ehrenabteilung der Stadtallendorfer Feuerwehren - Feuerwehr Stadallendorf","robots":{"index":"index","follow":"follow","max-snippet":"max-snippet:-1","max-image-preview":"max-image-preview:large","max-video-preview":"max-video-preview:-1"},"canonical":"https:\/\/wp.feuerwehr-stadtallendorf.de\/?p=6102","og_locale":"de_DE","og_type":"article","og_title":"Grillnachmittag der Alters- und Ehrenabteilung der Stadtallendorfer Feuerwehren - Feuerwehr Stadallendorf","og_description":"Am 31.08.24 fand der Grillnachmittag der Alters- und Ehrenabteilung der Stadtallendorfer Feuerwehren statt.&nbsp; Der Vorsitzende, Joachim M\u00fcller, begr\u00fc\u00dfte die Mitglieder der Alters- und Ehrenabteilung mit ihren PartnerInnen im Ger\u00e4tehaus in Stadtallendorf. Joachim M\u00fcller freute sich \u00fcber die rege Teilnahme.&nbsp; Der Stadtrat, Robert Botthof, \u00fcberbrachte die Gr\u00fc\u00dfe der st\u00e4dtischen Gremien.&nbsp;&nbsp; Ein kurzweiliger Nachmittag bei Bratwurst und [&hellip;]","og_url":"https:\/\/wp.feuerwehr-stadtallendorf.de\/?p=6102","og_site_name":"Feuerwehr Stadallendorf","article_published_time":"2024-08-31T14:00:32+00:00","article_modified_time":"2024-09-19T10:19:12+00:00","og_image":[{"width":1440,"height":1440,"url":"https:\/\/wp.feuerwehr-stadtallendorf.de\/wp-content\/uploads\/2024\/09\/IMG_20240916_201237_916.jpg","type":"image\/jpeg"}],"author":"Feuerwehr Stadtallendorf","twitter_card":"summary_large_image","twitter_misc":{"Verfasst von":"Feuerwehr Stadtallendorf","Gesch\u00e4tzte Lesezeit":"2\u00a0Minuten"},"schema":{"@context":"https:\/\/schema.org","@graph":[{"@type":"Article","@id":"https:\/\/wp.feuerwehr-stadtallendorf.de\/?p=6102#article","isPartOf":{"@id":"https:\/\/wp.feuerwehr-stadtallendorf.de\/?p=6102"},"author":{"name":"Feuerwehr Stadtallendorf","@id":"https:\/\/wp.feuerwehr-stadtallendorf.de\/#\/schema\/person\/a2afe44d9c81e20ccef2574b0650383d"},"headline":"Grillnachmittag der Alters- und Ehrenabteilung der Stadtallendorfer Feuerwehren","datePublished":"2024-08-31T14:00:32+00:00","dateModified":"2024-09-19T10:19:12+00:00","mainEntityOfPage":{"@id":"https:\/\/wp.feuerwehr-stadtallendorf.de\/?p=6102"},"wordCount":105,"commentCount":0,"publisher":{"@id":"https:\/\/wp.feuerwehr-stadtallendorf.de\/#organization"},"image":{"@id":"https:\/\/wp.feuerwehr-stadtallendorf.de\/?p=6102#primaryimage"},"thumbnailUrl":"https:\/\/wp.feuerwehr-stadtallendorf.de\/wp-content\/uploads\/2024\/09\/IMG_20240916_201237_916.jpg","articleSection":["Neuigkeiten"],"inLanguage":"de","potentialAction":[{"@type":"CommentAction","name":"Comment","target":["https:\/\/wp.feuerwehr-stadtallendorf.de\/?p=6102#respond"]}]},{"@type":"WebPage","@id":"https:\/\/wp.feuerwehr-stadtallendorf.de\/?p=6102","url":"https:\/\/wp.feuerwehr-stadtallendorf.de\/?p=6102","name":"Grillnachmittag der Alters- und Ehrenabteilung der Stadtallendorfer Feuerwehren - Feuerwehr Stadallendorf","isPartOf":{"@id":"https:\/\/wp.feuerwehr-stadtallendorf.de\/#website"},"primaryImageOfPage":{"@id":"https:\/\/wp.feuerwehr-stadtallendorf.de\/?p=6102#primaryimage"},"image":{"@id":"https:\/\/wp.feuerwehr-stadtallendorf.de\/?p=6102#primaryimage"},"thumbnailUrl":"https:\/\/wp.feuerwehr-stadtallendorf.de\/wp-content\/uploads\/2024\/09\/IMG_20240916_201237_916.jpg","datePublished":"2024-08-31T14:00:32+00:00","dateModified":"2024-09-19T10:19:12+00:00","breadcrumb":{"@id":"https:\/\/wp.feuerwehr-stadtallendorf.de\/?p=6102#breadcrumb"},"inLanguage":"de","potentialAction":[{"@type":"ReadAction","target":["https:\/\/wp.feuerwehr-stadtallendorf.de\/?p=6102"]}]},{"@type":"ImageObject","inLanguage":"de","@id":"https:\/\/wp.feuerwehr-stadtallendorf.de\/?p=6102#primaryimage","url":"https:\/\/wp.feuerwehr-stadtallendorf.de\/wp-content\/uploads\/2024\/09\/IMG_20240916_201237_916.jpg","contentUrl":"https:\/\/wp.feuerwehr-stadtallendorf.de\/wp-content\/uploads\/2024\/09\/IMG_20240916_201237_916.jpg","width":1440,"height":1440},{"@type":"BreadcrumbList","@id":"https:\/\/wp.feuerwehr-stadtallendorf.de\/?p=6102#breadcrumb","itemListElement":[{"@type":"ListItem","position":1,"name":"Startseite","item":"https:\/\/wp.feuerwehr-stadtallendorf.de\/"},{"@type":"ListItem","position":2,"name":"Grillnachmittag der Alters- und Ehrenabteilung der Stadtallendorfer Feuerwehren"}]},{"@type":"WebSite","@id":"https:\/\/wp.feuerwehr-stadtallendorf.de\/#website","url":"https:\/\/wp.feuerwehr-stadtallendorf.de\/","name":"Feuerwehr Stadallendorf","description":"Offizielle Webseite der Feuerwehr Stadtallendorf","publisher":{"@id":"https:\/\/wp.feuerwehr-stadtallendorf.de\/#organization"},"potentialAction":[{"@type":"SearchAction","target":{"@type":"EntryPoint","urlTemplate":"https:\/\/wp.feuerwehr-stadtallendorf.de\/?s={search_term_string}"},"query-input":{"@type":"PropertyValueSpecification","valueRequired":true,"valueName":"search_term_string"}}],"inLanguage":"de"},{"@type":"Organization","@id":"https:\/\/wp.feuerwehr-stadtallendorf.de\/#organization","name":"Feuerwehr Stadtallendorf","url":"https:\/\/wp.feuerwehr-stadtallendorf.de\/","logo":{"@type":"ImageObject","inLanguage":"de","@id":"https:\/\/wp.feuerwehr-stadtallendorf.de\/#\/schema\/logo\/image\/","url":"https:\/\/wp.feuerwehr-stadtallendorf.de\/wp-content\/uploads\/2022\/11\/cropped-E49D0952-87B7-44F6-8B7D-97B5D408F444.jpeg","contentUrl":"https:\/\/wp.feuerwehr-stadtallendorf.de\/wp-content\/uploads\/2022\/11\/cropped-E49D0952-87B7-44F6-8B7D-97B5D408F444.jpeg","width":512,"height":512,"caption":"Feuerwehr Stadtallendorf"},"image":{"@id":"https:\/\/wp.feuerwehr-stadtallendorf.de\/#\/schema\/logo\/image\/"}},{"@type":"Person","@id":"https:\/\/wp.feuerwehr-stadtallendorf.de\/#\/schema\/person\/a2afe44d9c81e20ccef2574b0650383d","name":"Feuerwehr Stadtallendorf","sameAs":["http:\/\/feuerwehr-stadtallendorf.de"],"url":"https:\/\/wp.feuerwehr-stadtallendorf.de\/?author=3"}]}},"_links":{"self":[{"href":"https:\/\/wp.feuerwehr-stadtallendorf.de\/index.php?rest_route=\/wp\/v2\/posts\/6102","targetHints":{"allow":["GET"]}}],"collection":[{"href":"https:\/\/wp.feuerwehr-stadtallendorf.de\/index.php?rest_route=\/wp\/v2\/posts"}],"about":[{"href":"https:\/\/wp.feuerwehr-stadtallendorf.de\/index.php?rest_route=\/wp\/v2\/types\/post"}],"author":[{"embeddable":true,"href":"https:\/\/wp.feuerwehr-stadtallendorf.de\/index.php?rest_route=\/wp\/v2\/users\/3"}],"replies":[{"embeddable":true,"href":"https:\/\/wp.feuerwehr-stadtallendorf.de\/index.php?rest_route=%2Fwp%2Fv2%2Fcomments&post=6102"}],"version-history":[{"count":1,"href":"https:\/\/wp.feuerwehr-stadtallendorf.de\/index.php?rest_route=\/wp\/v2\/posts\/6102\/revisions"}],"predecessor-version":[{"id":6106,"href":"https:\/\/wp.feuerwehr-stadtallendorf.de\/index.php?rest_route=\/wp\/v2\/posts\/6102\/revisions\/6106"}],"wp:featuredmedia":[{"embeddable":true,"href":"https:\/\/wp.feuerwehr-stadtallendorf.de\/index.php?rest_route=\/wp\/v2\/media\/6104"}],"wp:attachment":[{"href":"https:\/\/wp.feuerwehr-stadtallendorf.de\/index.php?rest_route=%2Fwp%2Fv2%2Fmedia&parent=6102"}],"wp:term":[{"taxonomy":"category","embeddable":true,"href":"https:\/\/wp.feuerwehr-stadtallendorf.de\/index.php?rest_route=%2Fwp%2Fv2%2Fcategories&post=6102"},{"taxonomy":"post_tag","embeddable":true,"href":"https:\/\/wp.feuerwehr-stadtallendorf.de\/index.php?rest_route=%2Fwp%2Fv2%2Ftags&post=6102"}],"curies":[{"name":"wp","href":"https:\/\/api.w.org\/{rel}","templated":true}]}}