{"id":6551,"date":"2025-01-13T14:43:00","date_gmt":"2025-01-13T13:43:00","guid":{"rendered":"https:\/\/wp.feuerwehr-stadtallendorf.de\/?p=6551"},"modified":"2025-01-14T10:59:03","modified_gmt":"2025-01-14T09:59:03","slug":"einsatz-02-2025","status":"publish","type":"post","link":"https:\/\/wp.feuerwehr-stadtallendorf.de\/?p=6551","title":{"rendered":"Einsatz 02\/2025"},"content":{"rendered":"\n<p>+++ Einsatzmeldung +++<\/p>\n\n\n\n<p>\ud83d\udea8 Einsatz 02\/2025<br>\ud83d\udcc5 13.01.2025<br>\ud83d\udcdf 14:43 Uhr<br>\ud83e\udded Stadtallendorf, Niederkleiner Stra\u00dfe<br>\ud83d\udea8 Stadtallendorf-Mitte-Rufbereitschaft, PS, SBI<br>\ud83d\udee0 H eCall Y Notruf ohne Kontakt<\/p>\n\n\n\n<p>Am 13.01.2025 wurde um 14:43 Uhr die Rufbereitschaft der Feuerwehr Stadtallendorf-Mitte alarmiert.<br>In der &#8218;Niederkleiner Stra\u00dfe&#8216; hatte ein eCall eines Fahrzeugs ausgel\u00f6st. Dieser Notruf wird entweder durch eine Person in einem Fahrzeug bei einem Unfall oder durch das Fahrzeug selbst ausgel\u00f6st. Der Notruf l\u00e4uft auf der zust\u00e4ndigen Leitstelle ein.<br>Bei diesem Notruf bestand kein Sprechkontakt zu den Insassen.<br>Vor Ort konnte durch die Einsatzkr\u00e4fte kein Unfall festgestellt werden. Der Einsatz wurde abgebrochen.<\/p>\n\n\n\n<p>Der Einsatz konnte nach 20 Minuten wieder beendet werden.<\/p>\n\n\n\n<p>Team BuMa<\/p>\n\n\n\n<figure class=\"wp-block-image size-large is-resized\"><img loading=\"lazy\" decoding=\"async\" width=\"1024\" height=\"988\" src=\"https:\/\/wp.feuerwehr-stadtallendorf.de\/wp-content\/uploads\/2024\/11\/20241113_213748-1024x988.jpg\" alt=\"\" class=\"wp-image-6492\" style=\"width:463px;height:auto\" srcset=\"https:\/\/wp.feuerwehr-stadtallendorf.de\/wp-content\/uploads\/2024\/11\/20241113_213748-1024x988.jpg 1024w, https:\/\/wp.feuerwehr-stadtallendorf.de\/wp-content\/uploads\/2024\/11\/20241113_213748-300x289.jpg 300w, https:\/\/wp.feuerwehr-stadtallendorf.de\/wp-content\/uploads\/2024\/11\/20241113_213748-768x741.jpg 768w, https:\/\/wp.feuerwehr-stadtallendorf.de\/wp-content\/uploads\/2024\/11\/20241113_213748-1536x1482.jpg 1536w, https:\/\/wp.feuerwehr-stadtallendorf.de\/wp-content\/uploads\/2024\/11\/20241113_213748.jpg 1868w\" sizes=\"auto, (max-width: 1024px) 100vw, 1024px\" \/><figcaption class=\"wp-element-caption\">Symbolbild<\/figcaption><\/figure>\n","protected":false},"excerpt":{"rendered":"<p>+++ Einsatzmeldung +++ \ud83d\udea8 Einsatz 02\/2025\ud83d\udcc5 13.01.2025\ud83d\udcdf 14:43 Uhr\ud83e\udded Stadtallendorf, Niederkleiner Stra\u00dfe\ud83d\udea8 Stadtallendorf-Mitte-Rufbereitschaft, PS, SBI\ud83d\udee0 H eCall Y Notruf ohne Kontakt Am 13.01.2025 wurde um 14:43 Uhr die Rufbereitschaft der Feuerwehr Stadtallendorf-Mitte alarmiert.In der &#8218;Niederkleiner Stra\u00dfe&#8216; hatte ein eCall eines Fahrzeugs ausgel\u00f6st. Dieser Notruf wird entweder durch eine Person in einem Fahrzeug bei einem Unfall [&hellip;]<\/p>\n","protected":false},"author":3,"featured_media":0,"comment_status":"open","ping_status":"open","sticky":false,"template":"","format":"standard","meta":{"footnotes":""},"categories":[46],"tags":[43,67],"class_list":["post-6551","post","type-post","status-publish","format-standard","hentry","category-einsaetze","tag-einsatz","tag-h-ecall","entry"],"yoast_head":"<!-- This site is optimized with the Yoast SEO plugin v27.4 - https:\/\/yoast.com\/product\/yoast-seo-wordpress\/ -->\n<title>Einsatz 02\/2025 - Feuerwehr Stadallendorf<\/title>\n<meta name=\"robots\" content=\"index, follow, max-snippet:-1, max-image-preview:large, max-video-preview:-1\" \/>\n<link rel=\"canonical\" href=\"https:\/\/wp.feuerwehr-stadtallendorf.de\/?p=6551\" \/>\n<meta property=\"og:locale\" content=\"de_DE\" \/>\n<meta property=\"og:type\" content=\"article\" \/>\n<meta property=\"og:title\" content=\"Einsatz 02\/2025 - Feuerwehr Stadallendorf\" \/>\n<meta property=\"og:description\" content=\"+++ Einsatzmeldung +++ \ud83d\udea8 Einsatz 02\/2025\ud83d\udcc5 13.01.2025\ud83d\udcdf 14:43 Uhr\ud83e\udded Stadtallendorf, Niederkleiner Stra\u00dfe\ud83d\udea8 Stadtallendorf-Mitte-Rufbereitschaft, PS, SBI\ud83d\udee0 H eCall Y Notruf ohne Kontakt Am 13.01.2025 wurde um 14:43 Uhr die Rufbereitschaft der Feuerwehr Stadtallendorf-Mitte alarmiert.In der &#8218;Niederkleiner Stra\u00dfe&#8216; hatte ein eCall eines Fahrzeugs ausgel\u00f6st. Dieser Notruf wird entweder durch eine Person in einem Fahrzeug bei einem Unfall [&hellip;]\" \/>\n<meta property=\"og:url\" content=\"https:\/\/wp.feuerwehr-stadtallendorf.de\/?p=6551\" \/>\n<meta property=\"og:site_name\" content=\"Feuerwehr Stadallendorf\" \/>\n<meta property=\"article:published_time\" content=\"2025-01-13T13:43:00+00:00\" \/>\n<meta property=\"article:modified_time\" content=\"2025-01-14T09:59:03+00:00\" \/>\n<meta property=\"og:image\" content=\"https:\/\/wp.feuerwehr-stadtallendorf.de\/wp-content\/uploads\/2024\/11\/20241113_213748-1024x988.jpg\" \/>\n<meta name=\"author\" content=\"Feuerwehr Stadtallendorf\" \/>\n<meta name=\"twitter:card\" content=\"summary_large_image\" \/>\n<meta name=\"twitter:label1\" content=\"Verfasst von\" \/>\n\t<meta name=\"twitter:data1\" content=\"Feuerwehr Stadtallendorf\" \/>\n\t<meta name=\"twitter:label2\" content=\"Gesch\u00e4tzte Lesezeit\" \/>\n\t<meta name=\"twitter:data2\" content=\"1\u00a0Minute\" \/>\n<script type=\"application\/ld+json\" class=\"yoast-schema-graph\">{\"@context\":\"https:\\\/\\\/schema.org\",\"@graph\":[{\"@type\":\"Article\",\"@id\":\"https:\\\/\\\/wp.feuerwehr-stadtallendorf.de\\\/?p=6551#article\",\"isPartOf\":{\"@id\":\"https:\\\/\\\/wp.feuerwehr-stadtallendorf.de\\\/?p=6551\"},\"author\":{\"name\":\"Feuerwehr Stadtallendorf\",\"@id\":\"https:\\\/\\\/wp.feuerwehr-stadtallendorf.de\\\/#\\\/schema\\\/person\\\/a2afe44d9c81e20ccef2574b0650383d\"},\"headline\":\"Einsatz 02\\\/2025\",\"datePublished\":\"2025-01-13T13:43:00+00:00\",\"dateModified\":\"2025-01-14T09:59:03+00:00\",\"mainEntityOfPage\":{\"@id\":\"https:\\\/\\\/wp.feuerwehr-stadtallendorf.de\\\/?p=6551\"},\"wordCount\":104,\"commentCount\":0,\"publisher\":{\"@id\":\"https:\\\/\\\/wp.feuerwehr-stadtallendorf.de\\\/#organization\"},\"image\":{\"@id\":\"https:\\\/\\\/wp.feuerwehr-stadtallendorf.de\\\/?p=6551#primaryimage\"},\"thumbnailUrl\":\"https:\\\/\\\/wp.feuerwehr-stadtallendorf.de\\\/wp-content\\\/uploads\\\/2024\\\/11\\\/20241113_213748-1024x988.jpg\",\"keywords\":[\"Einsatz\",\"H eCall\"],\"articleSection\":[\"Eins\u00e4tze\"],\"inLanguage\":\"de\",\"potentialAction\":[{\"@type\":\"CommentAction\",\"name\":\"Comment\",\"target\":[\"https:\\\/\\\/wp.feuerwehr-stadtallendorf.de\\\/?p=6551#respond\"]}]},{\"@type\":\"WebPage\",\"@id\":\"https:\\\/\\\/wp.feuerwehr-stadtallendorf.de\\\/?p=6551\",\"url\":\"https:\\\/\\\/wp.feuerwehr-stadtallendorf.de\\\/?p=6551\",\"name\":\"Einsatz 02\\\/2025 - Feuerwehr Stadallendorf\",\"isPartOf\":{\"@id\":\"https:\\\/\\\/wp.feuerwehr-stadtallendorf.de\\\/#website\"},\"primaryImageOfPage\":{\"@id\":\"https:\\\/\\\/wp.feuerwehr-stadtallendorf.de\\\/?p=6551#primaryimage\"},\"image\":{\"@id\":\"https:\\\/\\\/wp.feuerwehr-stadtallendorf.de\\\/?p=6551#primaryimage\"},\"thumbnailUrl\":\"https:\\\/\\\/wp.feuerwehr-stadtallendorf.de\\\/wp-content\\\/uploads\\\/2024\\\/11\\\/20241113_213748-1024x988.jpg\",\"datePublished\":\"2025-01-13T13:43:00+00:00\",\"dateModified\":\"2025-01-14T09:59:03+00:00\",\"breadcrumb\":{\"@id\":\"https:\\\/\\\/wp.feuerwehr-stadtallendorf.de\\\/?p=6551#breadcrumb\"},\"inLanguage\":\"de\",\"potentialAction\":[{\"@type\":\"ReadAction\",\"target\":[\"https:\\\/\\\/wp.feuerwehr-stadtallendorf.de\\\/?p=6551\"]}]},{\"@type\":\"ImageObject\",\"inLanguage\":\"de\",\"@id\":\"https:\\\/\\\/wp.feuerwehr-stadtallendorf.de\\\/?p=6551#primaryimage\",\"url\":\"https:\\\/\\\/wp.feuerwehr-stadtallendorf.de\\\/wp-content\\\/uploads\\\/2024\\\/11\\\/20241113_213748.jpg\",\"contentUrl\":\"https:\\\/\\\/wp.feuerwehr-stadtallendorf.de\\\/wp-content\\\/uploads\\\/2024\\\/11\\\/20241113_213748.jpg\",\"width\":1868,\"height\":1802},{\"@type\":\"BreadcrumbList\",\"@id\":\"https:\\\/\\\/wp.feuerwehr-stadtallendorf.de\\\/?p=6551#breadcrumb\",\"itemListElement\":[{\"@type\":\"ListItem\",\"position\":1,\"name\":\"Startseite\",\"item\":\"https:\\\/\\\/wp.feuerwehr-stadtallendorf.de\\\/\"},{\"@type\":\"ListItem\",\"position\":2,\"name\":\"Einsatz 02\\\/2025\"}]},{\"@type\":\"WebSite\",\"@id\":\"https:\\\/\\\/wp.feuerwehr-stadtallendorf.de\\\/#website\",\"url\":\"https:\\\/\\\/wp.feuerwehr-stadtallendorf.de\\\/\",\"name\":\"Feuerwehr Stadallendorf\",\"description\":\"Offizielle Webseite der Feuerwehr Stadtallendorf\",\"publisher\":{\"@id\":\"https:\\\/\\\/wp.feuerwehr-stadtallendorf.de\\\/#organization\"},\"potentialAction\":[{\"@type\":\"SearchAction\",\"target\":{\"@type\":\"EntryPoint\",\"urlTemplate\":\"https:\\\/\\\/wp.feuerwehr-stadtallendorf.de\\\/?s={search_term_string}\"},\"query-input\":{\"@type\":\"PropertyValueSpecification\",\"valueRequired\":true,\"valueName\":\"search_term_string\"}}],\"inLanguage\":\"de\"},{\"@type\":\"Organization\",\"@id\":\"https:\\\/\\\/wp.feuerwehr-stadtallendorf.de\\\/#organization\",\"name\":\"Feuerwehr Stadtallendorf\",\"url\":\"https:\\\/\\\/wp.feuerwehr-stadtallendorf.de\\\/\",\"logo\":{\"@type\":\"ImageObject\",\"inLanguage\":\"de\",\"@id\":\"https:\\\/\\\/wp.feuerwehr-stadtallendorf.de\\\/#\\\/schema\\\/logo\\\/image\\\/\",\"url\":\"https:\\\/\\\/wp.feuerwehr-stadtallendorf.de\\\/wp-content\\\/uploads\\\/2022\\\/11\\\/cropped-E49D0952-87B7-44F6-8B7D-97B5D408F444.jpeg\",\"contentUrl\":\"https:\\\/\\\/wp.feuerwehr-stadtallendorf.de\\\/wp-content\\\/uploads\\\/2022\\\/11\\\/cropped-E49D0952-87B7-44F6-8B7D-97B5D408F444.jpeg\",\"width\":512,\"height\":512,\"caption\":\"Feuerwehr Stadtallendorf\"},\"image\":{\"@id\":\"https:\\\/\\\/wp.feuerwehr-stadtallendorf.de\\\/#\\\/schema\\\/logo\\\/image\\\/\"}},{\"@type\":\"Person\",\"@id\":\"https:\\\/\\\/wp.feuerwehr-stadtallendorf.de\\\/#\\\/schema\\\/person\\\/a2afe44d9c81e20ccef2574b0650383d\",\"name\":\"Feuerwehr Stadtallendorf\",\"sameAs\":[\"http:\\\/\\\/feuerwehr-stadtallendorf.de\"],\"url\":\"https:\\\/\\\/wp.feuerwehr-stadtallendorf.de\\\/?author=3\"}]}<\/script>\n<!-- \/ Yoast SEO plugin. -->","yoast_head_json":{"title":"Einsatz 02\/2025 - Feuerwehr Stadallendorf","robots":{"index":"index","follow":"follow","max-snippet":"max-snippet:-1","max-image-preview":"max-image-preview:large","max-video-preview":"max-video-preview:-1"},"canonical":"https:\/\/wp.feuerwehr-stadtallendorf.de\/?p=6551","og_locale":"de_DE","og_type":"article","og_title":"Einsatz 02\/2025 - Feuerwehr Stadallendorf","og_description":"+++ Einsatzmeldung +++ \ud83d\udea8 Einsatz 02\/2025\ud83d\udcc5 13.01.2025\ud83d\udcdf 14:43 Uhr\ud83e\udded Stadtallendorf, Niederkleiner Stra\u00dfe\ud83d\udea8 Stadtallendorf-Mitte-Rufbereitschaft, PS, SBI\ud83d\udee0 H eCall Y Notruf ohne Kontakt Am 13.01.2025 wurde um 14:43 Uhr die Rufbereitschaft der Feuerwehr Stadtallendorf-Mitte alarmiert.In der &#8218;Niederkleiner Stra\u00dfe&#8216; hatte ein eCall eines Fahrzeugs ausgel\u00f6st. Dieser Notruf wird entweder durch eine Person in einem Fahrzeug bei einem Unfall [&hellip;]","og_url":"https:\/\/wp.feuerwehr-stadtallendorf.de\/?p=6551","og_site_name":"Feuerwehr Stadallendorf","article_published_time":"2025-01-13T13:43:00+00:00","article_modified_time":"2025-01-14T09:59:03+00:00","og_image":[{"url":"https:\/\/wp.feuerwehr-stadtallendorf.de\/wp-content\/uploads\/2024\/11\/20241113_213748-1024x988.jpg","type":"","width":"","height":""}],"author":"Feuerwehr Stadtallendorf","twitter_card":"summary_large_image","twitter_misc":{"Verfasst von":"Feuerwehr Stadtallendorf","Gesch\u00e4tzte Lesezeit":"1\u00a0Minute"},"schema":{"@context":"https:\/\/schema.org","@graph":[{"@type":"Article","@id":"https:\/\/wp.feuerwehr-stadtallendorf.de\/?p=6551#article","isPartOf":{"@id":"https:\/\/wp.feuerwehr-stadtallendorf.de\/?p=6551"},"author":{"name":"Feuerwehr Stadtallendorf","@id":"https:\/\/wp.feuerwehr-stadtallendorf.de\/#\/schema\/person\/a2afe44d9c81e20ccef2574b0650383d"},"headline":"Einsatz 02\/2025","datePublished":"2025-01-13T13:43:00+00:00","dateModified":"2025-01-14T09:59:03+00:00","mainEntityOfPage":{"@id":"https:\/\/wp.feuerwehr-stadtallendorf.de\/?p=6551"},"wordCount":104,"commentCount":0,"publisher":{"@id":"https:\/\/wp.feuerwehr-stadtallendorf.de\/#organization"},"image":{"@id":"https:\/\/wp.feuerwehr-stadtallendorf.de\/?p=6551#primaryimage"},"thumbnailUrl":"https:\/\/wp.feuerwehr-stadtallendorf.de\/wp-content\/uploads\/2024\/11\/20241113_213748-1024x988.jpg","keywords":["Einsatz","H eCall"],"articleSection":["Eins\u00e4tze"],"inLanguage":"de","potentialAction":[{"@type":"CommentAction","name":"Comment","target":["https:\/\/wp.feuerwehr-stadtallendorf.de\/?p=6551#respond"]}]},{"@type":"WebPage","@id":"https:\/\/wp.feuerwehr-stadtallendorf.de\/?p=6551","url":"https:\/\/wp.feuerwehr-stadtallendorf.de\/?p=6551","name":"Einsatz 02\/2025 - Feuerwehr Stadallendorf","isPartOf":{"@id":"https:\/\/wp.feuerwehr-stadtallendorf.de\/#website"},"primaryImageOfPage":{"@id":"https:\/\/wp.feuerwehr-stadtallendorf.de\/?p=6551#primaryimage"},"image":{"@id":"https:\/\/wp.feuerwehr-stadtallendorf.de\/?p=6551#primaryimage"},"thumbnailUrl":"https:\/\/wp.feuerwehr-stadtallendorf.de\/wp-content\/uploads\/2024\/11\/20241113_213748-1024x988.jpg","datePublished":"2025-01-13T13:43:00+00:00","dateModified":"2025-01-14T09:59:03+00:00","breadcrumb":{"@id":"https:\/\/wp.feuerwehr-stadtallendorf.de\/?p=6551#breadcrumb"},"inLanguage":"de","potentialAction":[{"@type":"ReadAction","target":["https:\/\/wp.feuerwehr-stadtallendorf.de\/?p=6551"]}]},{"@type":"ImageObject","inLanguage":"de","@id":"https:\/\/wp.feuerwehr-stadtallendorf.de\/?p=6551#primaryimage","url":"https:\/\/wp.feuerwehr-stadtallendorf.de\/wp-content\/uploads\/2024\/11\/20241113_213748.jpg","contentUrl":"https:\/\/wp.feuerwehr-stadtallendorf.de\/wp-content\/uploads\/2024\/11\/20241113_213748.jpg","width":1868,"height":1802},{"@type":"BreadcrumbList","@id":"https:\/\/wp.feuerwehr-stadtallendorf.de\/?p=6551#breadcrumb","itemListElement":[{"@type":"ListItem","position":1,"name":"Startseite","item":"https:\/\/wp.feuerwehr-stadtallendorf.de\/"},{"@type":"ListItem","position":2,"name":"Einsatz 02\/2025"}]},{"@type":"WebSite","@id":"https:\/\/wp.feuerwehr-stadtallendorf.de\/#website","url":"https:\/\/wp.feuerwehr-stadtallendorf.de\/","name":"Feuerwehr Stadallendorf","description":"Offizielle Webseite der Feuerwehr Stadtallendorf","publisher":{"@id":"https:\/\/wp.feuerwehr-stadtallendorf.de\/#organization"},"potentialAction":[{"@type":"SearchAction","target":{"@type":"EntryPoint","urlTemplate":"https:\/\/wp.feuerwehr-stadtallendorf.de\/?s={search_term_string}"},"query-input":{"@type":"PropertyValueSpecification","valueRequired":true,"valueName":"search_term_string"}}],"inLanguage":"de"},{"@type":"Organization","@id":"https:\/\/wp.feuerwehr-stadtallendorf.de\/#organization","name":"Feuerwehr Stadtallendorf","url":"https:\/\/wp.feuerwehr-stadtallendorf.de\/","logo":{"@type":"ImageObject","inLanguage":"de","@id":"https:\/\/wp.feuerwehr-stadtallendorf.de\/#\/schema\/logo\/image\/","url":"https:\/\/wp.feuerwehr-stadtallendorf.de\/wp-content\/uploads\/2022\/11\/cropped-E49D0952-87B7-44F6-8B7D-97B5D408F444.jpeg","contentUrl":"https:\/\/wp.feuerwehr-stadtallendorf.de\/wp-content\/uploads\/2022\/11\/cropped-E49D0952-87B7-44F6-8B7D-97B5D408F444.jpeg","width":512,"height":512,"caption":"Feuerwehr Stadtallendorf"},"image":{"@id":"https:\/\/wp.feuerwehr-stadtallendorf.de\/#\/schema\/logo\/image\/"}},{"@type":"Person","@id":"https:\/\/wp.feuerwehr-stadtallendorf.de\/#\/schema\/person\/a2afe44d9c81e20ccef2574b0650383d","name":"Feuerwehr Stadtallendorf","sameAs":["http:\/\/feuerwehr-stadtallendorf.de"],"url":"https:\/\/wp.feuerwehr-stadtallendorf.de\/?author=3"}]}},"_links":{"self":[{"href":"https:\/\/wp.feuerwehr-stadtallendorf.de\/index.php?rest_route=\/wp\/v2\/posts\/6551","targetHints":{"allow":["GET"]}}],"collection":[{"href":"https:\/\/wp.feuerwehr-stadtallendorf.de\/index.php?rest_route=\/wp\/v2\/posts"}],"about":[{"href":"https:\/\/wp.feuerwehr-stadtallendorf.de\/index.php?rest_route=\/wp\/v2\/types\/post"}],"author":[{"embeddable":true,"href":"https:\/\/wp.feuerwehr-stadtallendorf.de\/index.php?rest_route=\/wp\/v2\/users\/3"}],"replies":[{"embeddable":true,"href":"https:\/\/wp.feuerwehr-stadtallendorf.de\/index.php?rest_route=%2Fwp%2Fv2%2Fcomments&post=6551"}],"version-history":[{"count":1,"href":"https:\/\/wp.feuerwehr-stadtallendorf.de\/index.php?rest_route=\/wp\/v2\/posts\/6551\/revisions"}],"predecessor-version":[{"id":6552,"href":"https:\/\/wp.feuerwehr-stadtallendorf.de\/index.php?rest_route=\/wp\/v2\/posts\/6551\/revisions\/6552"}],"wp:attachment":[{"href":"https:\/\/wp.feuerwehr-stadtallendorf.de\/index.php?rest_route=%2Fwp%2Fv2%2Fmedia&parent=6551"}],"wp:term":[{"taxonomy":"category","embeddable":true,"href":"https:\/\/wp.feuerwehr-stadtallendorf.de\/index.php?rest_route=%2Fwp%2Fv2%2Fcategories&post=6551"},{"taxonomy":"post_tag","embeddable":true,"href":"https:\/\/wp.feuerwehr-stadtallendorf.de\/index.php?rest_route=%2Fwp%2Fv2%2Ftags&post=6551"}],"curies":[{"name":"wp","href":"https:\/\/api.w.org\/{rel}","templated":true}]}}