{"id":7458,"date":"2026-03-07T20:00:00","date_gmt":"2026-03-07T19:00:00","guid":{"rendered":"https:\/\/wp.feuerwehr-stadtallendorf.de\/?p=7458"},"modified":"2026-03-09T13:01:34","modified_gmt":"2026-03-09T12:01:34","slug":"jahreshauptversammlung-der-feuerwehr-stadtallendorf-mitte","status":"publish","type":"post","link":"https:\/\/wp.feuerwehr-stadtallendorf.de\/?p=7458","title":{"rendered":"Jahreshauptversammlung der Feuerwehr Stadtallendorf- Mitte"},"content":{"rendered":"\n<p>Am gestrigen Samstag fand die diesj\u00e4hrige Jahreshauptversammlung statt.&nbsp;<\/p>\n\n\n\n<p>Der Wehrf\u00fchrer Florian Wiegand blickte auf das zur\u00fcck liegende Jahr 2025. Hier erw\u00e4hnte er wie wichtig die Kameradinnen und Kameraden der Feuerwehr sind, sie bilden das R\u00fcckrat dieser Wehr, viele Kameraden haben das in der letzten Zeit intensiv bewiesen, wie z.b. bei:&nbsp;&nbsp;diversen Fahrzeug Abholungen, Intensive Einweisungen erhalten bei den Herstellern, eigene Kameradinnen und Kameraden Schulen und weiterbilden. Mit 189 Eins\u00e4tzen in 2025, garnicht so einfach das Familien leben, die Motivation f\u00fcr die zus\u00e4tzlichen Ausbildungsdiensten und den regul\u00e4ren Alltag aufrecht zu erhalten. Die Eins\u00e4tze des vergangenen Jahres boten eine Vielfalt an Herausforderungen, die in unterschiedlichster Weise professionell abgearbeitet wurden.<\/p>\n\n\n\n<p>Wir danken ebenfalls den bisherigen stellvertretenden Wehrf\u00fchrer Uwe Wiegand, f\u00fcr die tolle Zusammenarbeit und dass man sich immer auf ihn verlassen konnte. Danke f\u00fcr deine Unterst\u00fctzung und dein Engagement.<\/p>\n\n\n\n<p>Wir freuen uns auf die weitere gemeinsame Zeit mit dir im Feuerwehrwesen.&nbsp;<\/p>\n\n\n\n<p>Auch der Stadtbrandinspektor Patrick Schulz \u00fcberbrachte Gru\u00dfworte an die Versammlung,mit gro\u00dfem Respekt und aufrichtiger Anerkennung blicke er auf die Arbeit und das Engagement unserer Feuerwehr. Dieses besondere Ma\u00df an Einsatzbereitschaft, Verantwortungsbewusstsein und Kameradschaft verdient h\u00f6chste Wertsch\u00e4tzung.<\/p>\n\n\n\n<p>Euer Dienst ist keineswegs selbstverst\u00e4ndlich. Genau diese Eigenschaften machen unsere Feuerwehr zu einer tragenden S\u00e4ule f\u00fcr die Sicherheit<br>unserer B\u00fcrgerinnen und B\u00fcrger.<\/p>\n\n\n\n<p>Mein besonderer Dank gilt allen Kameradinnen und Kameraden, die mit gro\u00dfem Engagement und Herzblut ihren Dienst leisten. Ihr seid ein Vorbild f\u00fcr Zusammenhalt, Hilfsbereitschaft und Verantwortung.<\/p>\n\n\n\n<p>Wir gratulieren allen bef\u00f6rderten und geehrten Kamaradinnen und Kameraden sowie den neu gew\u00e4hlten stellvertretenden Wehrf\u00fchrer.&nbsp;<\/p>\n\n\n\n<p><strong>Geehrt wurden:\u00a0<\/strong><br>Stephan Janka (Silberne Katastrophenschutz Medaille f\u00fcr 25 Jahre)<br>Christopher Weitzel (Bronzene Katastrophenschutz Medaille f\u00fcr 10 Jahre)<br>Marcel Radimerski (Bronzene Ehrennadel im Verein)<br>Rene Wiegand (Bronzene Ehrennadel im Verein)<br>Finn Spitzner (Bronzene Ehrennadel f\u00fcr 7 Jahre aktiv in der Einsatzabteilung)<br>Torben Spitzner (Bronzene Ehrennadel im Verein)<br>Lukas Sonntag (Bronzene Ehrennadel im Verein)<br>Johannes Nau (Bronzene Ehrennadel f\u00fcr 7 Jahre aktiv in der Einsatzabteilung)<\/p>\n\n\n\n<p><strong>Bef\u00f6rdert wurden:<br><\/strong>Kaan Sahiner (Oberl\u00f6schmeister)<br>Torben Spitzner (L\u00f6schmeister)<br>G\u00fcnther Nau (Oberl\u00f6schmeister)<br>Saskia J\u00e4ger (Feuerwehrfrau)<br>Moritz Holland (Feuerwehrmann)<br>Marcel Thomas Rinn (Oberfeuerwehrmann)<br>Pascal Becker (Hauptfeuerwehrmann)<br>Florian Kumpe (Hauptl\u00f6schmeister)<br>Daniel K\u00f6hler (Feuerwehrmann)<br>Philipp Ganczer (Feuerwehrmann)<\/p>\n\n\n\n<p>Gew\u00e4hlt wurde f\u00fcr die restliche Amtszeit zum stellvertretenden Wehrf\u00fchrer Florian Kumpe. Wir w\u00fcnschen dir immer ein gl\u00fcckliches H\u00e4ndchen in deinen Entscheidungen.&nbsp;<\/p>\n\n\n\n<p><strong>Ein Team, eine Familie, Ihr Einsatz und Ihr Ehrenamt sind von unsch\u00e4tzbarem Wert f\u00fcr die Sicherheit unserer Stadt.\u00a0<br>Vielen Dank f\u00fcr diese wichtige Arbeit.\u00a0<\/strong><\/p>\n\n\n\n<figure class=\"wp-block-image size-large\"><img loading=\"lazy\" decoding=\"async\" width=\"1024\" height=\"514\" src=\"https:\/\/wp.feuerwehr-stadtallendorf.de\/wp-content\/uploads\/2026\/03\/26-03-08-11-29-33-95497-1024x514.jpg\" alt=\"\" class=\"wp-image-7459\" srcset=\"https:\/\/wp.feuerwehr-stadtallendorf.de\/wp-content\/uploads\/2026\/03\/26-03-08-11-29-33-95497-1024x514.jpg 1024w, https:\/\/wp.feuerwehr-stadtallendorf.de\/wp-content\/uploads\/2026\/03\/26-03-08-11-29-33-95497-300x150.jpg 300w, https:\/\/wp.feuerwehr-stadtallendorf.de\/wp-content\/uploads\/2026\/03\/26-03-08-11-29-33-95497-768x385.jpg 768w, https:\/\/wp.feuerwehr-stadtallendorf.de\/wp-content\/uploads\/2026\/03\/26-03-08-11-29-33-95497-1536x770.jpg 1536w, https:\/\/wp.feuerwehr-stadtallendorf.de\/wp-content\/uploads\/2026\/03\/26-03-08-11-29-33-95497.jpg 2048w\" sizes=\"auto, (max-width: 1024px) 100vw, 1024px\" \/><\/figure>\n","protected":false},"excerpt":{"rendered":"<p>Am gestrigen Samstag fand die diesj\u00e4hrige Jahreshauptversammlung statt.&nbsp; Der Wehrf\u00fchrer Florian Wiegand blickte auf das zur\u00fcck liegende Jahr 2025. Hier erw\u00e4hnte er wie wichtig die Kameradinnen und Kameraden der Feuerwehr sind, sie bilden das R\u00fcckrat dieser Wehr, viele Kameraden haben das in der letzten Zeit intensiv bewiesen, wie z.b. bei:&nbsp;&nbsp;diversen Fahrzeug Abholungen, Intensive Einweisungen erhalten [&hellip;]<\/p>\n","protected":false},"author":3,"featured_media":7459,"comment_status":"open","ping_status":"open","sticky":false,"template":"","format":"standard","meta":{"footnotes":""},"categories":[1],"tags":[],"class_list":["post-7458","post","type-post","status-publish","format-standard","has-post-thumbnail","hentry","category-neuigkeiten","entry","has-media"],"yoast_head":"<!-- This site is optimized with the Yoast SEO plugin v27.4 - https:\/\/yoast.com\/product\/yoast-seo-wordpress\/ -->\n<title>Jahreshauptversammlung der Feuerwehr Stadtallendorf- Mitte - Feuerwehr Stadallendorf<\/title>\n<meta name=\"robots\" content=\"index, follow, max-snippet:-1, max-image-preview:large, max-video-preview:-1\" \/>\n<link rel=\"canonical\" href=\"https:\/\/wp.feuerwehr-stadtallendorf.de\/?p=7458\" \/>\n<meta property=\"og:locale\" content=\"de_DE\" \/>\n<meta property=\"og:type\" content=\"article\" \/>\n<meta property=\"og:title\" content=\"Jahreshauptversammlung der Feuerwehr Stadtallendorf- Mitte - Feuerwehr Stadallendorf\" \/>\n<meta property=\"og:description\" content=\"Am gestrigen Samstag fand die diesj\u00e4hrige Jahreshauptversammlung statt.&nbsp; Der Wehrf\u00fchrer Florian Wiegand blickte auf das zur\u00fcck liegende Jahr 2025. Hier erw\u00e4hnte er wie wichtig die Kameradinnen und Kameraden der Feuerwehr sind, sie bilden das R\u00fcckrat dieser Wehr, viele Kameraden haben das in der letzten Zeit intensiv bewiesen, wie z.b. bei:&nbsp;&nbsp;diversen Fahrzeug Abholungen, Intensive Einweisungen erhalten [&hellip;]\" \/>\n<meta property=\"og:url\" content=\"https:\/\/wp.feuerwehr-stadtallendorf.de\/?p=7458\" \/>\n<meta property=\"og:site_name\" content=\"Feuerwehr Stadallendorf\" \/>\n<meta property=\"article:published_time\" content=\"2026-03-07T19:00:00+00:00\" \/>\n<meta property=\"article:modified_time\" content=\"2026-03-09T12:01:34+00:00\" \/>\n<meta property=\"og:image\" content=\"https:\/\/wp.feuerwehr-stadtallendorf.de\/wp-content\/uploads\/2026\/03\/26-03-08-11-29-33-95497.jpg\" \/>\n\t<meta property=\"og:image:width\" content=\"2048\" \/>\n\t<meta property=\"og:image:height\" content=\"1027\" \/>\n\t<meta property=\"og:image:type\" content=\"image\/jpeg\" \/>\n<meta name=\"author\" content=\"Feuerwehr Stadtallendorf\" \/>\n<meta name=\"twitter:card\" content=\"summary_large_image\" \/>\n<meta name=\"twitter:label1\" content=\"Verfasst von\" \/>\n\t<meta name=\"twitter:data1\" content=\"Feuerwehr Stadtallendorf\" \/>\n\t<meta name=\"twitter:label2\" content=\"Gesch\u00e4tzte Lesezeit\" \/>\n\t<meta name=\"twitter:data2\" content=\"3\u00a0Minuten\" \/>\n<script type=\"application\/ld+json\" class=\"yoast-schema-graph\">{\"@context\":\"https:\\\/\\\/schema.org\",\"@graph\":[{\"@type\":\"Article\",\"@id\":\"https:\\\/\\\/wp.feuerwehr-stadtallendorf.de\\\/?p=7458#article\",\"isPartOf\":{\"@id\":\"https:\\\/\\\/wp.feuerwehr-stadtallendorf.de\\\/?p=7458\"},\"author\":{\"name\":\"Feuerwehr Stadtallendorf\",\"@id\":\"https:\\\/\\\/wp.feuerwehr-stadtallendorf.de\\\/#\\\/schema\\\/person\\\/a2afe44d9c81e20ccef2574b0650383d\"},\"headline\":\"Jahreshauptversammlung der Feuerwehr Stadtallendorf- Mitte\",\"datePublished\":\"2026-03-07T19:00:00+00:00\",\"dateModified\":\"2026-03-09T12:01:34+00:00\",\"mainEntityOfPage\":{\"@id\":\"https:\\\/\\\/wp.feuerwehr-stadtallendorf.de\\\/?p=7458\"},\"wordCount\":443,\"commentCount\":0,\"publisher\":{\"@id\":\"https:\\\/\\\/wp.feuerwehr-stadtallendorf.de\\\/#organization\"},\"image\":{\"@id\":\"https:\\\/\\\/wp.feuerwehr-stadtallendorf.de\\\/?p=7458#primaryimage\"},\"thumbnailUrl\":\"https:\\\/\\\/wp.feuerwehr-stadtallendorf.de\\\/wp-content\\\/uploads\\\/2026\\\/03\\\/26-03-08-11-29-33-95497.jpg\",\"articleSection\":[\"Neuigkeiten\"],\"inLanguage\":\"de\",\"potentialAction\":[{\"@type\":\"CommentAction\",\"name\":\"Comment\",\"target\":[\"https:\\\/\\\/wp.feuerwehr-stadtallendorf.de\\\/?p=7458#respond\"]}]},{\"@type\":\"WebPage\",\"@id\":\"https:\\\/\\\/wp.feuerwehr-stadtallendorf.de\\\/?p=7458\",\"url\":\"https:\\\/\\\/wp.feuerwehr-stadtallendorf.de\\\/?p=7458\",\"name\":\"Jahreshauptversammlung der Feuerwehr Stadtallendorf- Mitte - Feuerwehr Stadallendorf\",\"isPartOf\":{\"@id\":\"https:\\\/\\\/wp.feuerwehr-stadtallendorf.de\\\/#website\"},\"primaryImageOfPage\":{\"@id\":\"https:\\\/\\\/wp.feuerwehr-stadtallendorf.de\\\/?p=7458#primaryimage\"},\"image\":{\"@id\":\"https:\\\/\\\/wp.feuerwehr-stadtallendorf.de\\\/?p=7458#primaryimage\"},\"thumbnailUrl\":\"https:\\\/\\\/wp.feuerwehr-stadtallendorf.de\\\/wp-content\\\/uploads\\\/2026\\\/03\\\/26-03-08-11-29-33-95497.jpg\",\"datePublished\":\"2026-03-07T19:00:00+00:00\",\"dateModified\":\"2026-03-09T12:01:34+00:00\",\"breadcrumb\":{\"@id\":\"https:\\\/\\\/wp.feuerwehr-stadtallendorf.de\\\/?p=7458#breadcrumb\"},\"inLanguage\":\"de\",\"potentialAction\":[{\"@type\":\"ReadAction\",\"target\":[\"https:\\\/\\\/wp.feuerwehr-stadtallendorf.de\\\/?p=7458\"]}]},{\"@type\":\"ImageObject\",\"inLanguage\":\"de\",\"@id\":\"https:\\\/\\\/wp.feuerwehr-stadtallendorf.de\\\/?p=7458#primaryimage\",\"url\":\"https:\\\/\\\/wp.feuerwehr-stadtallendorf.de\\\/wp-content\\\/uploads\\\/2026\\\/03\\\/26-03-08-11-29-33-95497.jpg\",\"contentUrl\":\"https:\\\/\\\/wp.feuerwehr-stadtallendorf.de\\\/wp-content\\\/uploads\\\/2026\\\/03\\\/26-03-08-11-29-33-95497.jpg\",\"width\":2048,\"height\":1027},{\"@type\":\"BreadcrumbList\",\"@id\":\"https:\\\/\\\/wp.feuerwehr-stadtallendorf.de\\\/?p=7458#breadcrumb\",\"itemListElement\":[{\"@type\":\"ListItem\",\"position\":1,\"name\":\"Startseite\",\"item\":\"https:\\\/\\\/wp.feuerwehr-stadtallendorf.de\\\/\"},{\"@type\":\"ListItem\",\"position\":2,\"name\":\"Jahreshauptversammlung der Feuerwehr Stadtallendorf- Mitte\"}]},{\"@type\":\"WebSite\",\"@id\":\"https:\\\/\\\/wp.feuerwehr-stadtallendorf.de\\\/#website\",\"url\":\"https:\\\/\\\/wp.feuerwehr-stadtallendorf.de\\\/\",\"name\":\"Feuerwehr Stadallendorf\",\"description\":\"Offizielle Webseite der Feuerwehr Stadtallendorf\",\"publisher\":{\"@id\":\"https:\\\/\\\/wp.feuerwehr-stadtallendorf.de\\\/#organization\"},\"potentialAction\":[{\"@type\":\"SearchAction\",\"target\":{\"@type\":\"EntryPoint\",\"urlTemplate\":\"https:\\\/\\\/wp.feuerwehr-stadtallendorf.de\\\/?s={search_term_string}\"},\"query-input\":{\"@type\":\"PropertyValueSpecification\",\"valueRequired\":true,\"valueName\":\"search_term_string\"}}],\"inLanguage\":\"de\"},{\"@type\":\"Organization\",\"@id\":\"https:\\\/\\\/wp.feuerwehr-stadtallendorf.de\\\/#organization\",\"name\":\"Feuerwehr Stadtallendorf\",\"url\":\"https:\\\/\\\/wp.feuerwehr-stadtallendorf.de\\\/\",\"logo\":{\"@type\":\"ImageObject\",\"inLanguage\":\"de\",\"@id\":\"https:\\\/\\\/wp.feuerwehr-stadtallendorf.de\\\/#\\\/schema\\\/logo\\\/image\\\/\",\"url\":\"https:\\\/\\\/wp.feuerwehr-stadtallendorf.de\\\/wp-content\\\/uploads\\\/2022\\\/11\\\/cropped-E49D0952-87B7-44F6-8B7D-97B5D408F444.jpeg\",\"contentUrl\":\"https:\\\/\\\/wp.feuerwehr-stadtallendorf.de\\\/wp-content\\\/uploads\\\/2022\\\/11\\\/cropped-E49D0952-87B7-44F6-8B7D-97B5D408F444.jpeg\",\"width\":512,\"height\":512,\"caption\":\"Feuerwehr Stadtallendorf\"},\"image\":{\"@id\":\"https:\\\/\\\/wp.feuerwehr-stadtallendorf.de\\\/#\\\/schema\\\/logo\\\/image\\\/\"}},{\"@type\":\"Person\",\"@id\":\"https:\\\/\\\/wp.feuerwehr-stadtallendorf.de\\\/#\\\/schema\\\/person\\\/a2afe44d9c81e20ccef2574b0650383d\",\"name\":\"Feuerwehr Stadtallendorf\",\"sameAs\":[\"http:\\\/\\\/feuerwehr-stadtallendorf.de\"],\"url\":\"https:\\\/\\\/wp.feuerwehr-stadtallendorf.de\\\/?author=3\"}]}<\/script>\n<!-- \/ Yoast SEO plugin. -->","yoast_head_json":{"title":"Jahreshauptversammlung der Feuerwehr Stadtallendorf- Mitte - Feuerwehr Stadallendorf","robots":{"index":"index","follow":"follow","max-snippet":"max-snippet:-1","max-image-preview":"max-image-preview:large","max-video-preview":"max-video-preview:-1"},"canonical":"https:\/\/wp.feuerwehr-stadtallendorf.de\/?p=7458","og_locale":"de_DE","og_type":"article","og_title":"Jahreshauptversammlung der Feuerwehr Stadtallendorf- Mitte - Feuerwehr Stadallendorf","og_description":"Am gestrigen Samstag fand die diesj\u00e4hrige Jahreshauptversammlung statt.&nbsp; Der Wehrf\u00fchrer Florian Wiegand blickte auf das zur\u00fcck liegende Jahr 2025. Hier erw\u00e4hnte er wie wichtig die Kameradinnen und Kameraden der Feuerwehr sind, sie bilden das R\u00fcckrat dieser Wehr, viele Kameraden haben das in der letzten Zeit intensiv bewiesen, wie z.b. bei:&nbsp;&nbsp;diversen Fahrzeug Abholungen, Intensive Einweisungen erhalten [&hellip;]","og_url":"https:\/\/wp.feuerwehr-stadtallendorf.de\/?p=7458","og_site_name":"Feuerwehr Stadallendorf","article_published_time":"2026-03-07T19:00:00+00:00","article_modified_time":"2026-03-09T12:01:34+00:00","og_image":[{"width":2048,"height":1027,"url":"https:\/\/wp.feuerwehr-stadtallendorf.de\/wp-content\/uploads\/2026\/03\/26-03-08-11-29-33-95497.jpg","type":"image\/jpeg"}],"author":"Feuerwehr Stadtallendorf","twitter_card":"summary_large_image","twitter_misc":{"Verfasst von":"Feuerwehr Stadtallendorf","Gesch\u00e4tzte Lesezeit":"3\u00a0Minuten"},"schema":{"@context":"https:\/\/schema.org","@graph":[{"@type":"Article","@id":"https:\/\/wp.feuerwehr-stadtallendorf.de\/?p=7458#article","isPartOf":{"@id":"https:\/\/wp.feuerwehr-stadtallendorf.de\/?p=7458"},"author":{"name":"Feuerwehr Stadtallendorf","@id":"https:\/\/wp.feuerwehr-stadtallendorf.de\/#\/schema\/person\/a2afe44d9c81e20ccef2574b0650383d"},"headline":"Jahreshauptversammlung der Feuerwehr Stadtallendorf- Mitte","datePublished":"2026-03-07T19:00:00+00:00","dateModified":"2026-03-09T12:01:34+00:00","mainEntityOfPage":{"@id":"https:\/\/wp.feuerwehr-stadtallendorf.de\/?p=7458"},"wordCount":443,"commentCount":0,"publisher":{"@id":"https:\/\/wp.feuerwehr-stadtallendorf.de\/#organization"},"image":{"@id":"https:\/\/wp.feuerwehr-stadtallendorf.de\/?p=7458#primaryimage"},"thumbnailUrl":"https:\/\/wp.feuerwehr-stadtallendorf.de\/wp-content\/uploads\/2026\/03\/26-03-08-11-29-33-95497.jpg","articleSection":["Neuigkeiten"],"inLanguage":"de","potentialAction":[{"@type":"CommentAction","name":"Comment","target":["https:\/\/wp.feuerwehr-stadtallendorf.de\/?p=7458#respond"]}]},{"@type":"WebPage","@id":"https:\/\/wp.feuerwehr-stadtallendorf.de\/?p=7458","url":"https:\/\/wp.feuerwehr-stadtallendorf.de\/?p=7458","name":"Jahreshauptversammlung der Feuerwehr Stadtallendorf- Mitte - Feuerwehr Stadallendorf","isPartOf":{"@id":"https:\/\/wp.feuerwehr-stadtallendorf.de\/#website"},"primaryImageOfPage":{"@id":"https:\/\/wp.feuerwehr-stadtallendorf.de\/?p=7458#primaryimage"},"image":{"@id":"https:\/\/wp.feuerwehr-stadtallendorf.de\/?p=7458#primaryimage"},"thumbnailUrl":"https:\/\/wp.feuerwehr-stadtallendorf.de\/wp-content\/uploads\/2026\/03\/26-03-08-11-29-33-95497.jpg","datePublished":"2026-03-07T19:00:00+00:00","dateModified":"2026-03-09T12:01:34+00:00","breadcrumb":{"@id":"https:\/\/wp.feuerwehr-stadtallendorf.de\/?p=7458#breadcrumb"},"inLanguage":"de","potentialAction":[{"@type":"ReadAction","target":["https:\/\/wp.feuerwehr-stadtallendorf.de\/?p=7458"]}]},{"@type":"ImageObject","inLanguage":"de","@id":"https:\/\/wp.feuerwehr-stadtallendorf.de\/?p=7458#primaryimage","url":"https:\/\/wp.feuerwehr-stadtallendorf.de\/wp-content\/uploads\/2026\/03\/26-03-08-11-29-33-95497.jpg","contentUrl":"https:\/\/wp.feuerwehr-stadtallendorf.de\/wp-content\/uploads\/2026\/03\/26-03-08-11-29-33-95497.jpg","width":2048,"height":1027},{"@type":"BreadcrumbList","@id":"https:\/\/wp.feuerwehr-stadtallendorf.de\/?p=7458#breadcrumb","itemListElement":[{"@type":"ListItem","position":1,"name":"Startseite","item":"https:\/\/wp.feuerwehr-stadtallendorf.de\/"},{"@type":"ListItem","position":2,"name":"Jahreshauptversammlung der Feuerwehr Stadtallendorf- Mitte"}]},{"@type":"WebSite","@id":"https:\/\/wp.feuerwehr-stadtallendorf.de\/#website","url":"https:\/\/wp.feuerwehr-stadtallendorf.de\/","name":"Feuerwehr Stadallendorf","description":"Offizielle Webseite der Feuerwehr Stadtallendorf","publisher":{"@id":"https:\/\/wp.feuerwehr-stadtallendorf.de\/#organization"},"potentialAction":[{"@type":"SearchAction","target":{"@type":"EntryPoint","urlTemplate":"https:\/\/wp.feuerwehr-stadtallendorf.de\/?s={search_term_string}"},"query-input":{"@type":"PropertyValueSpecification","valueRequired":true,"valueName":"search_term_string"}}],"inLanguage":"de"},{"@type":"Organization","@id":"https:\/\/wp.feuerwehr-stadtallendorf.de\/#organization","name":"Feuerwehr Stadtallendorf","url":"https:\/\/wp.feuerwehr-stadtallendorf.de\/","logo":{"@type":"ImageObject","inLanguage":"de","@id":"https:\/\/wp.feuerwehr-stadtallendorf.de\/#\/schema\/logo\/image\/","url":"https:\/\/wp.feuerwehr-stadtallendorf.de\/wp-content\/uploads\/2022\/11\/cropped-E49D0952-87B7-44F6-8B7D-97B5D408F444.jpeg","contentUrl":"https:\/\/wp.feuerwehr-stadtallendorf.de\/wp-content\/uploads\/2022\/11\/cropped-E49D0952-87B7-44F6-8B7D-97B5D408F444.jpeg","width":512,"height":512,"caption":"Feuerwehr Stadtallendorf"},"image":{"@id":"https:\/\/wp.feuerwehr-stadtallendorf.de\/#\/schema\/logo\/image\/"}},{"@type":"Person","@id":"https:\/\/wp.feuerwehr-stadtallendorf.de\/#\/schema\/person\/a2afe44d9c81e20ccef2574b0650383d","name":"Feuerwehr Stadtallendorf","sameAs":["http:\/\/feuerwehr-stadtallendorf.de"],"url":"https:\/\/wp.feuerwehr-stadtallendorf.de\/?author=3"}]}},"_links":{"self":[{"href":"https:\/\/wp.feuerwehr-stadtallendorf.de\/index.php?rest_route=\/wp\/v2\/posts\/7458","targetHints":{"allow":["GET"]}}],"collection":[{"href":"https:\/\/wp.feuerwehr-stadtallendorf.de\/index.php?rest_route=\/wp\/v2\/posts"}],"about":[{"href":"https:\/\/wp.feuerwehr-stadtallendorf.de\/index.php?rest_route=\/wp\/v2\/types\/post"}],"author":[{"embeddable":true,"href":"https:\/\/wp.feuerwehr-stadtallendorf.de\/index.php?rest_route=\/wp\/v2\/users\/3"}],"replies":[{"embeddable":true,"href":"https:\/\/wp.feuerwehr-stadtallendorf.de\/index.php?rest_route=%2Fwp%2Fv2%2Fcomments&post=7458"}],"version-history":[{"count":1,"href":"https:\/\/wp.feuerwehr-stadtallendorf.de\/index.php?rest_route=\/wp\/v2\/posts\/7458\/revisions"}],"predecessor-version":[{"id":7460,"href":"https:\/\/wp.feuerwehr-stadtallendorf.de\/index.php?rest_route=\/wp\/v2\/posts\/7458\/revisions\/7460"}],"wp:featuredmedia":[{"embeddable":true,"href":"https:\/\/wp.feuerwehr-stadtallendorf.de\/index.php?rest_route=\/wp\/v2\/media\/7459"}],"wp:attachment":[{"href":"https:\/\/wp.feuerwehr-stadtallendorf.de\/index.php?rest_route=%2Fwp%2Fv2%2Fmedia&parent=7458"}],"wp:term":[{"taxonomy":"category","embeddable":true,"href":"https:\/\/wp.feuerwehr-stadtallendorf.de\/index.php?rest_route=%2Fwp%2Fv2%2Fcategories&post=7458"},{"taxonomy":"post_tag","embeddable":true,"href":"https:\/\/wp.feuerwehr-stadtallendorf.de\/index.php?rest_route=%2Fwp%2Fv2%2Ftags&post=7458"}],"curies":[{"name":"wp","href":"https:\/\/api.w.org\/{rel}","templated":true}]}}